{"id":1648,"date":"2023-04-29T17:32:46","date_gmt":"2023-04-29T15:32:46","guid":{"rendered":"https:\/\/macote.fr\/?p=1648"},"modified":"2023-04-29T22:44:13","modified_gmt":"2023-04-29T20:44:13","slug":"como-reducir-el-dolor-cervical-en-el-coche","status":"publish","type":"post","link":"https:\/\/macote.fr\/es\/como-reducir-el-dolor-cervical-en-el-coche\/","title":{"rendered":"\u00bfc\u00f3mo reducir el dolor de cuello en el coche?"},"content":{"rendered":"<figure class=\"wp-block-image size-large\"><img fetchpriority=\"high\" decoding=\"async\" width=\"1024\" height=\"701\" src=\"https:\/\/macote.fr\/wp-content\/uploads\/2023\/04\/mal-au-cervivale-1024x701.jpeg\" alt=\"dolor de cuello\" class=\"wp-image-1646\" srcset=\"https:\/\/macote.fr\/wp-content\/uploads\/2023\/04\/mal-au-cervivale-1024x701.jpeg 1024w, https:\/\/macote.fr\/wp-content\/uploads\/2023\/04\/mal-au-cervivale-1200x822.jpeg 1200w, https:\/\/macote.fr\/wp-content\/uploads\/2023\/04\/mal-au-cervivale-300x205.jpeg 300w, https:\/\/macote.fr\/wp-content\/uploads\/2023\/04\/mal-au-cervivale-768x526.jpeg 768w, https:\/\/macote.fr\/wp-content\/uploads\/2023\/04\/mal-au-cervivale.jpeg 1238w\" sizes=\"(max-width: 1024px) 100vw, 1024px\" \/><\/figure>\n\n\n\n<p>El dolor de cuello afecta a gran parte de la poblaci\u00f3n. Aunque puede estar causado por traumatismos o afecciones m\u00e9dicas, tambi\u00e9n puede deberse al estr\u00e9s y la tensi\u00f3n de los m\u00fasculos que sostienen el cuello, o a los nervios o huesos del cuello. Entre las actividades habituales que pueden provocar rigidez de cuello se incluyen mantener la cabeza en una posici\u00f3n extendida y utilizar los brazos y la parte superior del cuerpo durante periodos prolongados, lo que puede ser una descripci\u00f3n bastante exacta de la conducci\u00f3n de un coche.<\/p>\n\n\n\n<h2 class=\"wp-block-heading\"><mark style=\"background-color:rgba(0, 0, 0, 0)\" class=\"has-inline-color has-palette-color-2-color\">El principio: una buena postura.<\/mark><\/h2>\n\n\n\n<p>Aseg\u00farate de no extender completamente los brazos mientras conduces. Mant\u00e9n los brazos relajados con una ligera flexi\u00f3n en el codo para evitar forzar demasiado los m\u00fasculos.<\/p>\n\n\n\n<p>El control de crucero puede ser una buena opci\u00f3n para conducir largas distancias. Tambi\u00e9n permite mantener los pies apoyados en el suelo. Sin embargo, evita sentarte demasiado tiempo en los asientos abatibles, ya que puedes sufrir molestias en los isquiotibiales y los gl\u00fateos.<\/p>\n\n\n\n<p>La posici\u00f3n de las manecillas de las 4 y las 8 puede ser m\u00e1s descansada para apoyar los hombros y el cuello, en lugar de la posici\u00f3n de las 10 y las 2 que se suele ense\u00f1ar en las autoescuelas.<\/p>\n\n\n\n<p>Coloque los retrovisores correctamente para no tener que ajustarlos con frecuencia mientras conduce. Jugar con los retrovisores mientras conduces puede ser se\u00f1al de que los has ajustado mal, lo que puede provocar dolor de cuello.<\/p>\n\n\n\n<p>Por \u00faltimo, es importante apoyar la cabeza en el reposacabezas. Aj\u00fastalo de modo que toque el centro de la nuca para reducir la tensi\u00f3n de los m\u00fasculos del cuello.<\/p>\n\n\n\n<figure class=\"wp-block-image size-full\"><img decoding=\"async\" width=\"1024\" height=\"768\" src=\"https:\/\/macote.fr\/wp-content\/uploads\/2023\/04\/mal-nuque-voiture.jpeg\" alt=\"dolor de cuello en el coche\" class=\"wp-image-1649\" srcset=\"https:\/\/macote.fr\/wp-content\/uploads\/2023\/04\/mal-nuque-voiture.jpeg 1024w, https:\/\/macote.fr\/wp-content\/uploads\/2023\/04\/mal-nuque-voiture-300x225.jpeg 300w, https:\/\/macote.fr\/wp-content\/uploads\/2023\/04\/mal-nuque-voiture-768x576.jpeg 768w, https:\/\/macote.fr\/wp-content\/uploads\/2023\/04\/mal-nuque-voiture-600x450.jpeg 600w\" sizes=\"(max-width: 1024px) 100vw, 1024px\" \/><\/figure>\n\n\n\n<h2 class=\"wp-block-heading\"><mark style=\"background-color:rgba(0, 0, 0, 0)\" class=\"has-inline-color has-palette-color-2-color\">Utiliza un coj\u00edn para la cabeza para aliviar el dolor de cuello.<\/mark><\/h2>\n\n\n\n<p>Un coj\u00edn para el reposacabezas del asiento del coche es un accesorio ideal para aliviar la presi\u00f3n sobre el cuello. Rellena el hueco entre el reposacabezas y la cabeza del conductor, creando un soporte natural para mantener la curvatura de las cervicales y aliviar la tensi\u00f3n.<\/p>\n\n\n\n<p>Gracias a su dise\u00f1o ergon\u00f3mico, esta almohada est\u00e1 pensada para adaptarse a la curva natural del cuerpo humano, soportar el tama\u00f1o normal de la columna cervical y reducir la fatiga tras un largo periodo de conducci\u00f3n.<\/p>\n\n\n\n<p>Fabricada con espuma viscoel\u00e1stica, esta almohada ofrece un confort \u00f3ptimo para la cabeza y el cuello. Cuando la utilices, podr\u00e1s conducir totalmente relajado y sin dolor de cuello.<\/p>\n\n\n\n<p>Puede encontrarlos en nuestra tienda Alcantara. <\/p>\n\n\n\n<figure class=\"wp-block-embed is-type-wp-embed is-provider-macote-fr wp-block-embed-macote-fr\"><div class=\"wp-block-embed__wrapper\">\n<blockquote class=\"wp-embedded-content\" data-secret=\"T2l0mXJvV4\"><a href=\"https:\/\/macote.fr\/es\/producto\/reposacabezas-alcantara-para-bmw\/\">Reposacabezas de Alcantara para Bmw<\/a><\/blockquote><iframe class=\"wp-embedded-content\" sandbox=\"allow-scripts\" security=\"restricted\" style=\"position: absolute; clip: rect(1px, 1px, 1px, 1px);\" title=\"&quot; Reposacabezas de Alc\u00e1ntara para Bmw - MaCote.fr\" src=\"https:\/\/macote.fr\/produit\/appuie-tete-alcantara-pour-bmw\/embed\/#?secret=Fdsqxv9XqK#?secret=T2l0mXJvV4\" data-secret=\"T2l0mXJvV4\" width=\"600\" height=\"338\" frameborder=\"0\" marginwidth=\"0\" marginheight=\"0\" scrolling=\"no\"><\/iframe>\n<\/div><\/figure>","protected":false},"excerpt":{"rendered":"<p>Les douleurs aux cervicales touchent une grande partie de la population. Bien qu&rsquo;elle puisse \u00eatre caus\u00e9e par un traumatisme ou des conditions m\u00e9dicales, elle peut \u00e9galement \u00eatre due au stress et \u00e0 la tension exerc\u00e9e sur les muscles soutenant le cou, ou encore aux nerfs ou aux os du cou. Les activit\u00e9s courantes pouvant entra\u00eener [&hellip;]<\/p>\n","protected":false},"author":1,"featured_media":1651,"comment_status":"open","ping_status":"open","sticky":false,"template":"","format":"standard","meta":{"_eb_attr":"","footnotes":""},"categories":[1],"tags":[],"class_list":["post-1648","post","type-post","status-publish","format-standard","has-post-thumbnail","hentry","category-non-classe"],"blocksy_meta":[],"yoast_head":"<!-- This site is optimized with the Yoast SEO Premium plugin v20.7 (Yoast SEO v27.5) - https:\/\/yoast.com\/product\/yoast-seo-premium-wordpress\/ -->\n<title>comment r\u00e9duire les douleurs cervicales en voiture ? - MaCote.fr<\/title>\n<meta name=\"description\" content=\"Voici nos astuces pour r\u00e9duire les douleurs cervicales et conduire en toute s\u00e9r\u00e9nit\u00e9. Voici nos conseils pour soulager les tensions cervicale\" \/>\n<meta name=\"robots\" content=\"index, follow, max-snippet:-1, max-image-preview:large, max-video-preview:-1\" \/>\n<link rel=\"canonical\" href=\"https:\/\/macote.fr\/es\/como-reducir-el-dolor-cervical-en-el-coche\/\" \/>\n<meta property=\"og:locale\" content=\"es_ES\" \/>\n<meta property=\"og:type\" content=\"article\" \/>\n<meta property=\"og:title\" content=\"comment r\u00e9duire les douleurs cervicales en voiture ?\" \/>\n<meta property=\"og:description\" content=\"Voici nos astuces pour r\u00e9duire les douleurs cervicales et conduire en toute s\u00e9r\u00e9nit\u00e9. Voici nos conseils pour soulager les tensions cervicale\" \/>\n<meta property=\"og:url\" content=\"https:\/\/macote.fr\/es\/como-reducir-el-dolor-cervical-en-el-coche\/\" \/>\n<meta property=\"og:site_name\" content=\"MaCote.fr\" \/>\n<meta property=\"article:publisher\" content=\"https:\/\/www.facebook.com\/profile.php?id=100091476586119\" \/>\n<meta property=\"article:published_time\" content=\"2023-04-29T15:32:46+00:00\" \/>\n<meta property=\"article:modified_time\" content=\"2023-04-29T20:44:13+00:00\" \/>\n<meta property=\"og:image\" content=\"https:\/\/macote.fr\/wp-content\/uploads\/2023\/04\/douleurs-cervicales-voiture.jpg\" \/>\n\t<meta property=\"og:image:width\" content=\"509\" \/>\n\t<meta property=\"og:image:height\" content=\"338\" \/>\n\t<meta property=\"og:image:type\" content=\"image\/jpeg\" \/>\n<meta name=\"author\" content=\"alix\" \/>\n<meta name=\"twitter:card\" content=\"summary_large_image\" \/>\n<meta name=\"twitter:label1\" content=\"Escrito por\" \/>\n\t<meta name=\"twitter:data1\" content=\"alix\" \/>\n\t<meta name=\"twitter:label2\" content=\"Tiempo de lectura\" \/>\n\t<meta name=\"twitter:data2\" content=\"3 minutos\" \/>\n<script type=\"application\/ld+json\" class=\"yoast-schema-graph\">{\"@context\":\"https:\\\/\\\/schema.org\",\"@graph\":[{\"@type\":\"Article\",\"@id\":\"https:\\\/\\\/macote.fr\\\/comment-reduire-les-douleurs-cervicales-en-voiture\\\/#article\",\"isPartOf\":{\"@id\":\"https:\\\/\\\/macote.fr\\\/comment-reduire-les-douleurs-cervicales-en-voiture\\\/\"},\"author\":{\"name\":\"alix\",\"@id\":\"https:\\\/\\\/macote.fr\\\/#\\\/schema\\\/person\\\/db88cd1aea2653a77be1be44aeb5f8ff\"},\"headline\":\"comment r\u00e9duire les douleurs cervicales en voiture ?\",\"datePublished\":\"2023-04-29T15:32:46+00:00\",\"dateModified\":\"2023-04-29T20:44:13+00:00\",\"mainEntityOfPage\":{\"@id\":\"https:\\\/\\\/macote.fr\\\/comment-reduire-les-douleurs-cervicales-en-voiture\\\/\"},\"wordCount\":486,\"commentCount\":0,\"publisher\":{\"@id\":\"https:\\\/\\\/macote.fr\\\/#organization\"},\"image\":{\"@id\":\"https:\\\/\\\/macote.fr\\\/comment-reduire-les-douleurs-cervicales-en-voiture\\\/#primaryimage\"},\"thumbnailUrl\":\"https:\\\/\\\/macote.fr\\\/wp-content\\\/uploads\\\/2023\\\/04\\\/douleurs-cervicales-voiture.jpg\",\"articleSection\":[\"Non class\u00e9\"],\"inLanguage\":\"es\",\"potentialAction\":[{\"@type\":\"CommentAction\",\"name\":\"Comment\",\"target\":[\"https:\\\/\\\/macote.fr\\\/comment-reduire-les-douleurs-cervicales-en-voiture\\\/#respond\"]}]},{\"@type\":\"WebPage\",\"@id\":\"https:\\\/\\\/macote.fr\\\/comment-reduire-les-douleurs-cervicales-en-voiture\\\/\",\"url\":\"https:\\\/\\\/macote.fr\\\/comment-reduire-les-douleurs-cervicales-en-voiture\\\/\",\"name\":\"comment r\u00e9duire les douleurs cervicales en voiture ? - MaCote.fr\",\"isPartOf\":{\"@id\":\"https:\\\/\\\/macote.fr\\\/#website\"},\"primaryImageOfPage\":{\"@id\":\"https:\\\/\\\/macote.fr\\\/comment-reduire-les-douleurs-cervicales-en-voiture\\\/#primaryimage\"},\"image\":{\"@id\":\"https:\\\/\\\/macote.fr\\\/comment-reduire-les-douleurs-cervicales-en-voiture\\\/#primaryimage\"},\"thumbnailUrl\":\"https:\\\/\\\/macote.fr\\\/wp-content\\\/uploads\\\/2023\\\/04\\\/douleurs-cervicales-voiture.jpg\",\"datePublished\":\"2023-04-29T15:32:46+00:00\",\"dateModified\":\"2023-04-29T20:44:13+00:00\",\"description\":\"Voici nos astuces pour r\u00e9duire les douleurs cervicales et conduire en toute s\u00e9r\u00e9nit\u00e9. Voici nos conseils pour soulager les tensions cervicale\",\"breadcrumb\":{\"@id\":\"https:\\\/\\\/macote.fr\\\/comment-reduire-les-douleurs-cervicales-en-voiture\\\/#breadcrumb\"},\"inLanguage\":\"es\",\"potentialAction\":[{\"@type\":\"ReadAction\",\"target\":[\"https:\\\/\\\/macote.fr\\\/comment-reduire-les-douleurs-cervicales-en-voiture\\\/\"]}]},{\"@type\":\"ImageObject\",\"inLanguage\":\"es\",\"@id\":\"https:\\\/\\\/macote.fr\\\/comment-reduire-les-douleurs-cervicales-en-voiture\\\/#primaryimage\",\"url\":\"https:\\\/\\\/macote.fr\\\/wp-content\\\/uploads\\\/2023\\\/04\\\/douleurs-cervicales-voiture.jpg\",\"contentUrl\":\"https:\\\/\\\/macote.fr\\\/wp-content\\\/uploads\\\/2023\\\/04\\\/douleurs-cervicales-voiture.jpg\",\"width\":509,\"height\":338,\"caption\":\"douleurs-cervicales-voiture\"},{\"@type\":\"BreadcrumbList\",\"@id\":\"https:\\\/\\\/macote.fr\\\/comment-reduire-les-douleurs-cervicales-en-voiture\\\/#breadcrumb\",\"itemListElement\":[{\"@type\":\"ListItem\",\"position\":1,\"name\":\"Accueil\",\"item\":\"https:\\\/\\\/macote.fr\\\/\"},{\"@type\":\"ListItem\",\"position\":2,\"name\":\"comment r\u00e9duire les douleurs cervicales en voiture ?\"}]},{\"@type\":\"WebSite\",\"@id\":\"https:\\\/\\\/macote.fr\\\/#website\",\"url\":\"https:\\\/\\\/macote.fr\\\/\",\"name\":\"MaCote.fr\",\"description\":\"BMW best accessories\",\"publisher\":{\"@id\":\"https:\\\/\\\/macote.fr\\\/#organization\"},\"alternateName\":\"BMW tuning\",\"potentialAction\":[{\"@type\":\"SearchAction\",\"target\":{\"@type\":\"EntryPoint\",\"urlTemplate\":\"https:\\\/\\\/macote.fr\\\/?s={search_term_string}\"},\"query-input\":{\"@type\":\"PropertyValueSpecification\",\"valueRequired\":true,\"valueName\":\"search_term_string\"}}],\"inLanguage\":\"es\"},{\"@type\":\"Organization\",\"@id\":\"https:\\\/\\\/macote.fr\\\/#organization\",\"name\":\"Macote.fr\",\"alternateName\":\"BMW tuning\",\"url\":\"https:\\\/\\\/macote.fr\\\/\",\"logo\":{\"@type\":\"ImageObject\",\"inLanguage\":\"es\",\"@id\":\"https:\\\/\\\/macote.fr\\\/#\\\/schema\\\/logo\\\/image\\\/\",\"url\":\"https:\\\/\\\/macote.fr\\\/wp-content\\\/uploads\\\/2023\\\/11\\\/LOGO-macote.fr-dessin-bmw-noir-copy.jpg\",\"contentUrl\":\"https:\\\/\\\/macote.fr\\\/wp-content\\\/uploads\\\/2023\\\/11\\\/LOGO-macote.fr-dessin-bmw-noir-copy.jpg\",\"width\":732,\"height\":456,\"caption\":\"Macote.fr\"},\"image\":{\"@id\":\"https:\\\/\\\/macote.fr\\\/#\\\/schema\\\/logo\\\/image\\\/\"},\"sameAs\":[\"https:\\\/\\\/www.facebook.com\\\/profile.php?id=100091476586119\",\"https:\\\/\\\/www.youtube.com\\\/channel\\\/UCgO-YTbaxYO-w_C5GfL-_1w\",\"https:\\\/\\\/www.tiktok.com\\\/@macote.fr?is_from_webapp=1&sender_device=pc\",\"https:\\\/\\\/www.instagram.com\\\/i_xila_i\\\/\"]},{\"@type\":\"Person\",\"@id\":\"https:\\\/\\\/macote.fr\\\/#\\\/schema\\\/person\\\/db88cd1aea2653a77be1be44aeb5f8ff\",\"name\":\"alix\",\"image\":{\"@type\":\"ImageObject\",\"inLanguage\":\"es\",\"@id\":\"https:\\\/\\\/macote.fr\\\/wp-content\\\/litespeed\\\/avatar\\\/03c32dc420dedeabc0c519bd16d00ba5.jpg?ver=1777423922\",\"url\":\"https:\\\/\\\/macote.fr\\\/wp-content\\\/litespeed\\\/avatar\\\/03c32dc420dedeabc0c519bd16d00ba5.jpg?ver=1777423922\",\"contentUrl\":\"https:\\\/\\\/macote.fr\\\/wp-content\\\/litespeed\\\/avatar\\\/03c32dc420dedeabc0c519bd16d00ba5.jpg?ver=1777423922\",\"caption\":\"alix\"},\"sameAs\":[\"https:\\\/\\\/macote.fr\"],\"url\":\"https:\\\/\\\/macote.fr\\\/es\\\/author\\\/alix\\\/\"}]}<\/script>\n<!-- \/ Yoast SEO Premium plugin. -->","yoast_head_json":{"title":"\u00bfc\u00f3mo reducir el dolor de cuello en el coche? - MaCote.fr","description":"Estos son nuestros consejos para reducir el dolor de cuello y conducir con total tranquilidad. Estos son nuestros consejos para aliviar la tensi\u00f3n cervical","robots":{"index":"index","follow":"follow","max-snippet":"max-snippet:-1","max-image-preview":"max-image-preview:large","max-video-preview":"max-video-preview:-1"},"canonical":"https:\/\/macote.fr\/es\/como-reducir-el-dolor-cervical-en-el-coche\/","og_locale":"es_ES","og_type":"article","og_title":"comment r\u00e9duire les douleurs cervicales en voiture ?","og_description":"Voici nos astuces pour r\u00e9duire les douleurs cervicales et conduire en toute s\u00e9r\u00e9nit\u00e9. Voici nos conseils pour soulager les tensions cervicale","og_url":"https:\/\/macote.fr\/es\/como-reducir-el-dolor-cervical-en-el-coche\/","og_site_name":"MaCote.fr","article_publisher":"https:\/\/www.facebook.com\/profile.php?id=100091476586119","article_published_time":"2023-04-29T15:32:46+00:00","article_modified_time":"2023-04-29T20:44:13+00:00","og_image":[{"width":509,"height":338,"url":"https:\/\/macote.fr\/wp-content\/uploads\/2023\/04\/douleurs-cervicales-voiture.jpg","type":"image\/jpeg"}],"author":"alix","twitter_card":"summary_large_image","twitter_misc":{"Escrito por":"alix","Tiempo de lectura":"3 minutos"},"schema":{"@context":"https:\/\/schema.org","@graph":[{"@type":"Article","@id":"https:\/\/macote.fr\/comment-reduire-les-douleurs-cervicales-en-voiture\/#article","isPartOf":{"@id":"https:\/\/macote.fr\/comment-reduire-les-douleurs-cervicales-en-voiture\/"},"author":{"name":"alix","@id":"https:\/\/macote.fr\/#\/schema\/person\/db88cd1aea2653a77be1be44aeb5f8ff"},"headline":"comment r\u00e9duire les douleurs cervicales en voiture ?","datePublished":"2023-04-29T15:32:46+00:00","dateModified":"2023-04-29T20:44:13+00:00","mainEntityOfPage":{"@id":"https:\/\/macote.fr\/comment-reduire-les-douleurs-cervicales-en-voiture\/"},"wordCount":486,"commentCount":0,"publisher":{"@id":"https:\/\/macote.fr\/#organization"},"image":{"@id":"https:\/\/macote.fr\/comment-reduire-les-douleurs-cervicales-en-voiture\/#primaryimage"},"thumbnailUrl":"https:\/\/macote.fr\/wp-content\/uploads\/2023\/04\/douleurs-cervicales-voiture.jpg","articleSection":["Non class\u00e9"],"inLanguage":"es","potentialAction":[{"@type":"CommentAction","name":"Comment","target":["https:\/\/macote.fr\/comment-reduire-les-douleurs-cervicales-en-voiture\/#respond"]}]},{"@type":"WebPage","@id":"https:\/\/macote.fr\/comment-reduire-les-douleurs-cervicales-en-voiture\/","url":"https:\/\/macote.fr\/comment-reduire-les-douleurs-cervicales-en-voiture\/","name":"\u00bfc\u00f3mo reducir el dolor de cuello en el coche? - MaCote.fr","isPartOf":{"@id":"https:\/\/macote.fr\/#website"},"primaryImageOfPage":{"@id":"https:\/\/macote.fr\/comment-reduire-les-douleurs-cervicales-en-voiture\/#primaryimage"},"image":{"@id":"https:\/\/macote.fr\/comment-reduire-les-douleurs-cervicales-en-voiture\/#primaryimage"},"thumbnailUrl":"https:\/\/macote.fr\/wp-content\/uploads\/2023\/04\/douleurs-cervicales-voiture.jpg","datePublished":"2023-04-29T15:32:46+00:00","dateModified":"2023-04-29T20:44:13+00:00","description":"Estos son nuestros consejos para reducir el dolor de cuello y conducir con total tranquilidad. Estos son nuestros consejos para aliviar la tensi\u00f3n cervical","breadcrumb":{"@id":"https:\/\/macote.fr\/comment-reduire-les-douleurs-cervicales-en-voiture\/#breadcrumb"},"inLanguage":"es","potentialAction":[{"@type":"ReadAction","target":["https:\/\/macote.fr\/comment-reduire-les-douleurs-cervicales-en-voiture\/"]}]},{"@type":"ImageObject","inLanguage":"es","@id":"https:\/\/macote.fr\/comment-reduire-les-douleurs-cervicales-en-voiture\/#primaryimage","url":"https:\/\/macote.fr\/wp-content\/uploads\/2023\/04\/douleurs-cervicales-voiture.jpg","contentUrl":"https:\/\/macote.fr\/wp-content\/uploads\/2023\/04\/douleurs-cervicales-voiture.jpg","width":509,"height":338,"caption":"douleurs-cervicales-voiture"},{"@type":"BreadcrumbList","@id":"https:\/\/macote.fr\/comment-reduire-les-douleurs-cervicales-en-voiture\/#breadcrumb","itemListElement":[{"@type":"ListItem","position":1,"name":"Accueil","item":"https:\/\/macote.fr\/"},{"@type":"ListItem","position":2,"name":"comment r\u00e9duire les douleurs cervicales en voiture ?"}]},{"@type":"WebSite","@id":"https:\/\/macote.fr\/#website","url":"https:\/\/macote.fr\/","name":"MyQuote.com","description":"Los mejores accesorios BMW","publisher":{"@id":"https:\/\/macote.fr\/#organization"},"alternateName":"BMW tuning","potentialAction":[{"@type":"SearchAction","target":{"@type":"EntryPoint","urlTemplate":"https:\/\/macote.fr\/?s={search_term_string}"},"query-input":{"@type":"PropertyValueSpecification","valueRequired":true,"valueName":"search_term_string"}}],"inLanguage":"es"},{"@type":"Organization","@id":"https:\/\/macote.fr\/#organization","name":"Macote.es","alternateName":"BMW tuning","url":"https:\/\/macote.fr\/","logo":{"@type":"ImageObject","inLanguage":"es","@id":"https:\/\/macote.fr\/#\/schema\/logo\/image\/","url":"https:\/\/macote.fr\/wp-content\/uploads\/2023\/11\/LOGO-macote.fr-dessin-bmw-noir-copy.jpg","contentUrl":"https:\/\/macote.fr\/wp-content\/uploads\/2023\/11\/LOGO-macote.fr-dessin-bmw-noir-copy.jpg","width":732,"height":456,"caption":"Macote.fr"},"image":{"@id":"https:\/\/macote.fr\/#\/schema\/logo\/image\/"},"sameAs":["https:\/\/www.facebook.com\/profile.php?id=100091476586119","https:\/\/www.youtube.com\/channel\/UCgO-YTbaxYO-w_C5GfL-_1w","https:\/\/www.tiktok.com\/@macote.fr?is_from_webapp=1&sender_device=pc","https:\/\/www.instagram.com\/i_xila_i\/"]},{"@type":"Person","@id":"https:\/\/macote.fr\/#\/schema\/person\/db88cd1aea2653a77be1be44aeb5f8ff","name":"alix","image":{"@type":"ImageObject","inLanguage":"es","@id":"https:\/\/macote.fr\/wp-content\/litespeed\/avatar\/03c32dc420dedeabc0c519bd16d00ba5.jpg?ver=1777423922","url":"https:\/\/macote.fr\/wp-content\/litespeed\/avatar\/03c32dc420dedeabc0c519bd16d00ba5.jpg?ver=1777423922","contentUrl":"https:\/\/macote.fr\/wp-content\/litespeed\/avatar\/03c32dc420dedeabc0c519bd16d00ba5.jpg?ver=1777423922","caption":"alix"},"sameAs":["https:\/\/macote.fr"],"url":"https:\/\/macote.fr\/es\/author\/alix\/"}]}},"_links":{"self":[{"href":"https:\/\/macote.fr\/es\/wp-json\/wp\/v2\/posts\/1648","targetHints":{"allow":["GET"]}}],"collection":[{"href":"https:\/\/macote.fr\/es\/wp-json\/wp\/v2\/posts"}],"about":[{"href":"https:\/\/macote.fr\/es\/wp-json\/wp\/v2\/types\/post"}],"author":[{"embeddable":true,"href":"https:\/\/macote.fr\/es\/wp-json\/wp\/v2\/users\/1"}],"replies":[{"embeddable":true,"href":"https:\/\/macote.fr\/es\/wp-json\/wp\/v2\/comments?post=1648"}],"version-history":[{"count":1,"href":"https:\/\/macote.fr\/es\/wp-json\/wp\/v2\/posts\/1648\/revisions"}],"predecessor-version":[{"id":1650,"href":"https:\/\/macote.fr\/es\/wp-json\/wp\/v2\/posts\/1648\/revisions\/1650"}],"wp:featuredmedia":[{"embeddable":true,"href":"https:\/\/macote.fr\/es\/wp-json\/wp\/v2\/media\/1651"}],"wp:attachment":[{"href":"https:\/\/macote.fr\/es\/wp-json\/wp\/v2\/media?parent=1648"}],"wp:term":[{"taxonomy":"category","embeddable":true,"href":"https:\/\/macote.fr\/es\/wp-json\/wp\/v2\/categories?post=1648"},{"taxonomy":"post_tag","embeddable":true,"href":"https:\/\/macote.fr\/es\/wp-json\/wp\/v2\/tags?post=1648"}],"curies":[{"name":"wp","href":"https:\/\/api.w.org\/{rel}","templated":true}]}}