{"id":8168,"date":"2026-08-31T16:09:22","date_gmt":"2026-08-31T14:09:22","guid":{"rendered":"https:\/\/macote.fr\/"},"modified":"2026-08-31T16:44:05","modified_gmt":"2026-08-31T14:44:05","slug":"rejilla-protectora-inferior-de-la-parrilla-del-bmw-g87-m2-en-negro-brillante","status":"publish","type":"post","link":"https:\/\/macote.fr\/es\/rejilla-protectora-inferior-de-la-parrilla-del-bmw-g87-m2-en-negro-brillante\/","title":{"rendered":"Rejilla protectora inferior del radiador BMW G87 M2 \u2013 Negro brillante"},"content":{"rendered":"\n<p class=\"wp-block-paragraph\"><strong>Temps de lecture : 5 min<\/strong><\/p>\n\n\n\n<h2 class=\"wp-block-heading\">Prot\u00e9gez efficacement la calandre inf\u00e9rieure de votre BMW G87 M2<\/h2>\n\n\n\n<p class=\"wp-block-paragraph\">Sur une BMW G87 M2, la partie inf\u00e9rieure du pare-chocs avant est directement expos\u00e9e aux projections de la route.<\/p>\n\n\n\n<p class=\"wp-block-paragraph\">Gravillons, petits d\u00e9bris, morceaux de plastique, insectes ou autres \u00e9l\u00e9ments pr\u00e9sents sur la chauss\u00e9e peuvent facilement passer \u00e0 travers les ouvertures de la calandre et atteindre les composants situ\u00e9s derri\u00e8re.<\/p>\n\n\n\n<p class=\"wp-block-paragraph\">Cette grille de protection de calandre inf\u00e9rieure BMW G87 M2 permet d&rsquo;ajouter une barri\u00e8re suppl\u00e9mentaire derri\u00e8re les ouvertures du pare-chocs afin de limiter le passage de ces \u00e9l\u00e9ments.<\/p>\n\n\n\n<p class=\"wp-block-paragraph\">Son r\u00f4le est donc avant tout fonctionnel et pr\u00e9ventif : elle permet de mieux prot\u00e9ger une zone expos\u00e9e tout en conservant une circulation d&rsquo;air importante.<\/p>\n\n\n\n<p class=\"wp-block-paragraph\">Avec sa finition noir brillant, elle s&rsquo;int\u00e8gre \u00e9galement naturellement au design sportif de la BMW M2 G87.<\/p>\n\n\n\n<div data-block-name=\"woocommerce\/single-product\" data-product-id=\"8165\" data-wp-context=\"woocommerce\/products::{&quot;productId&quot;:8165,&quot;variationId&quot;:null}\" data-wp-interactive=\"woocommerce\/single-product\" class=\"wp-block-woocommerce-single-product woocommerce\">\n<div class=\"wp-block-columns is-layout-flex wp-container-core-columns-is-layout-995f960e wp-block-columns-is-layout-flex\">\n<div class=\"wp-block-column is-layout-flow wp-block-column-is-layout-flow\">\n<div data-block-name=\"woocommerce\/product-gallery\" data-wp-context=\"{&quot;imageData&quot;:[8232,8233,8234,8235,8237,8241,8236,8239,8238,8240],&quot;isDialogOpen&quot;:false,&quot;isDragging&quot;:false,&quot;touchStartX&quot;:0,&quot;touchCurrentX&quot;:0,&quot;productId&quot;:&quot;8165&quot;,&quot;selectedImageId&quot;:8232,&quot;thumbnailsOverflow&quot;:{&quot;top&quot;:false,&quot;bottom&quot;:false,&quot;left&quot;:false,&quot;right&quot;:false},&quot;hideNextPreviousButtons&quot;:false,&quot;isDisabledPrevious&quot;:true,&quot;isDisabledNext&quot;:false,&quot;ariaLabelPrevious&quot;:&quot;Imagen anterior&quot;,&quot;ariaLabelNext&quot;:&quot;Imagen siguiente&quot;}\" data-wp-interactive=\"woocommerce\/product-gallery\" class=\"wp-block-woocommerce-product-gallery wc-block-product-gallery is-layout-flex wp-container-woocommerce-product-gallery-is-layout-69c6caaf wp-block-woocommerce-product-gallery-is-layout-flex\">\t\t\t<div data-block-name=\"woocommerce\/product-gallery-large-image\" class=\"wc-block-product-gallery-large-image wp-block-woocommerce-product-gallery-large-image\">\n\t\t\t\t\t\t\t\t\t\t\t\t\t\t\t<ul\n\t\t\t\tclass=\"wc-block-product-gallery-large-image__container\"\n\t\t\t\tdata-wp-interactive=\"woocommerce\/product-gallery\"\n\t\t\t\tdata-wp-on--keydown=\"actions.onViewerImageKeyDown\"\n\t\t\t\taria-label=\"Galer\u00eda del producto\"\n\t\t\t\ttabindex=\"0\"\n\t\t\t\taria-roledescription=\"carousel\"\n\t\t\t>\n\t\t\t\t\t\t\t\t\t<li\n\t\t\t\t\t\tclass=\"wc-block-product-gallery-large-image__wrapper\"\n\t\t\t\t\t>\n\t\t\t\t\t\t<div data-block-name=\"woocommerce\/product-image\" data-is-descendent-of-single-product-block=\"true\" data-show-product-link=\"false\" data-show-sale-badge=\"false\" class=\"wc-block-components-product-image wc-block-grid__product-image wc-block-components-product-image--aspect-ratio-auto wp-block-woocommerce-product-image\"><img fetchpriority=\"high\" decoding=\"async\" data-wp-on--click=\"actions.openDialog\" data-wp-on--mouseleave=\"actions.resetZoom\" data-wp-on--mousemove=\"actions.startZoom\" data-wp-on--touchend=\"actions.onTouchEnd\" data-wp-on--touchmove=\"actions.onTouchMove\" data-wp-on--touchstart=\"actions.onTouchStart\" data-wp-watch=\"callbacks.toggleImageVisibility\" draggable=\"false\" fetchpriority=\"high\" tabindex=\"-1\" width=\"1024\" height=\"812\" src=\"https:\/\/macote.fr\/wp-content\/uploads\/2026\/08\/grille-calandre-bmw-g87-m2-noir-brillant-1024x812.png\" class=\"attachment-large size-large wc-block-woocommerce-product-gallery-large-image__image wc-block-woocommerce-product-gallery-large-image__image--full-screen-on-click wc-block-woocommerce-product-gallery-large-image__image--hoverZoom\" alt=\"grille-calandre-bmw-g87-m2-noir-brillant\" data-testid=\"product-image\" data-image-id=\"8232\" style=\"object-fit:cover;\" loading=\"eager\" srcset=\"https:\/\/macote.fr\/wp-content\/uploads\/2026\/08\/grille-calandre-bmw-g87-m2-noir-brillant-1024x812.png 1024w, https:\/\/macote.fr\/wp-content\/uploads\/2026\/08\/grille-calandre-bmw-g87-m2-noir-brillant-300x238.png 300w, https:\/\/macote.fr\/wp-content\/uploads\/2026\/08\/grille-calandre-bmw-g87-m2-noir-brillant-768x609.png 768w, https:\/\/macote.fr\/wp-content\/uploads\/2026\/08\/grille-calandre-bmw-g87-m2-noir-brillant-15x12.png 15w, https:\/\/macote.fr\/wp-content\/uploads\/2026\/08\/grille-calandre-bmw-g87-m2-noir-brillant-1200x951.png 1200w, https:\/\/macote.fr\/wp-content\/uploads\/2026\/08\/grille-calandre-bmw-g87-m2-noir-brillant.png 1409w\" sizes=\"auto, (max-width: 1024px) 100vw, 1024px\" \/><div class=\"wc-block-components-product-image__inner-container\"><\/div><\/div>\t\t\t\t\t<\/li>\n\t\t\t\t\t\t\t\t\t<li\n\t\t\t\t\t\tclass=\"wc-block-product-gallery-large-image__wrapper\"\n\t\t\t\t\t>\n\t\t\t\t\t\t<div data-block-name=\"woocommerce\/product-image\" data-is-descendent-of-single-product-block=\"true\" data-show-product-link=\"false\" data-show-sale-badge=\"false\" class=\"wc-block-components-product-image wc-block-grid__product-image wc-block-components-product-image--aspect-ratio-auto wp-block-woocommerce-product-image\"><img loading=\"lazy\" decoding=\"async\" data-wp-on--click=\"actions.openDialog\" data-wp-on--mouseleave=\"actions.resetZoom\" data-wp-on--mousemove=\"actions.startZoom\" data-wp-on--touchend=\"actions.onTouchEnd\" data-wp-on--touchmove=\"actions.onTouchMove\" data-wp-on--touchstart=\"actions.onTouchStart\" data-wp-watch=\"callbacks.toggleImageVisibility\" draggable=\"false\" fetchpriority=\"low\" tabindex=\"-1\" width=\"1024\" height=\"800\" src=\"https:\/\/macote.fr\/wp-content\/uploads\/2026\/08\/grille-inferieure-protection-pare-chocs-m2-g87-1024x800.png\" class=\"attachment-large size-large wc-block-woocommerce-product-gallery-large-image__image wc-block-woocommerce-product-gallery-large-image__image--full-screen-on-click wc-block-woocommerce-product-gallery-large-image__image--hoverZoom\" alt=\"grille-inferieure-protection-pare-chocs-m2-g87\" data-testid=\"product-image\" data-image-id=\"8233\" style=\"object-fit:cover;\" loading=\"lazy\" srcset=\"https:\/\/macote.fr\/wp-content\/uploads\/2026\/08\/grille-inferieure-protection-pare-chocs-m2-g87-1024x800.png 1024w, https:\/\/macote.fr\/wp-content\/uploads\/2026\/08\/grille-inferieure-protection-pare-chocs-m2-g87-300x234.png 300w, https:\/\/macote.fr\/wp-content\/uploads\/2026\/08\/grille-inferieure-protection-pare-chocs-m2-g87-768x600.png 768w, https:\/\/macote.fr\/wp-content\/uploads\/2026\/08\/grille-inferieure-protection-pare-chocs-m2-g87-15x12.png 15w, https:\/\/macote.fr\/wp-content\/uploads\/2026\/08\/grille-inferieure-protection-pare-chocs-m2-g87-1200x937.png 1200w, https:\/\/macote.fr\/wp-content\/uploads\/2026\/08\/grille-inferieure-protection-pare-chocs-m2-g87.png 1419w\" sizes=\"auto, (max-width: 1024px) 100vw, 1024px\" \/><div class=\"wc-block-components-product-image__inner-container\"><\/div><\/div>\t\t\t\t\t<\/li>\n\t\t\t\t\t\t\t\t\t<li\n\t\t\t\t\t\tclass=\"wc-block-product-gallery-large-image__wrapper\"\n\t\t\t\t\t>\n\t\t\t\t\t\t<div data-block-name=\"woocommerce\/product-image\" data-is-descendent-of-single-product-block=\"true\" data-show-product-link=\"false\" data-show-sale-badge=\"false\" class=\"wc-block-components-product-image wc-block-grid__product-image wc-block-components-product-image--aspect-ratio-auto wp-block-woocommerce-product-image\"><img loading=\"lazy\" decoding=\"async\" data-wp-on--click=\"actions.openDialog\" data-wp-on--mouseleave=\"actions.resetZoom\" data-wp-on--mousemove=\"actions.startZoom\" data-wp-on--touchend=\"actions.onTouchEnd\" data-wp-on--touchmove=\"actions.onTouchMove\" data-wp-on--touchstart=\"actions.onTouchStart\" data-wp-watch=\"callbacks.toggleImageVisibility\" draggable=\"false\" fetchpriority=\"low\" tabindex=\"-1\" width=\"1024\" height=\"617\" src=\"https:\/\/macote.fr\/wp-content\/uploads\/2026\/08\/grille-protection-prise-air-bmw-m2-g87-1024x617.png\" class=\"attachment-large size-large wc-block-woocommerce-product-gallery-large-image__image wc-block-woocommerce-product-gallery-large-image__image--full-screen-on-click wc-block-woocommerce-product-gallery-large-image__image--hoverZoom\" alt=\"grille-protection-prise-air-bmw-m2-g87\" data-testid=\"product-image\" data-image-id=\"8234\" style=\"object-fit:cover;\" loading=\"lazy\" srcset=\"https:\/\/macote.fr\/wp-content\/uploads\/2026\/08\/grille-protection-prise-air-bmw-m2-g87-1024x617.png 1024w, https:\/\/macote.fr\/wp-content\/uploads\/2026\/08\/grille-protection-prise-air-bmw-m2-g87-300x181.png 300w, https:\/\/macote.fr\/wp-content\/uploads\/2026\/08\/grille-protection-prise-air-bmw-m2-g87-768x462.png 768w, https:\/\/macote.fr\/wp-content\/uploads\/2026\/08\/grille-protection-prise-air-bmw-m2-g87-1536x925.png 1536w, https:\/\/macote.fr\/wp-content\/uploads\/2026\/08\/grille-protection-prise-air-bmw-m2-g87-18x12.png 18w, https:\/\/macote.fr\/wp-content\/uploads\/2026\/08\/grille-protection-prise-air-bmw-m2-g87-1200x723.png 1200w, https:\/\/macote.fr\/wp-content\/uploads\/2026\/08\/grille-protection-prise-air-bmw-m2-g87.png 1616w\" sizes=\"auto, (max-width: 1024px) 100vw, 1024px\" \/><div class=\"wc-block-components-product-image__inner-container\"><\/div><\/div>\t\t\t\t\t<\/li>\n\t\t\t\t\t\t\t\t\t<li\n\t\t\t\t\t\tclass=\"wc-block-product-gallery-large-image__wrapper\"\n\t\t\t\t\t>\n\t\t\t\t\t\t<div data-block-name=\"woocommerce\/product-image\" data-is-descendent-of-single-product-block=\"true\" data-show-product-link=\"false\" data-show-sale-badge=\"false\" class=\"wc-block-components-product-image wc-block-grid__product-image wc-block-components-product-image--aspect-ratio-auto wp-block-woocommerce-product-image\"><img loading=\"lazy\" decoding=\"async\" data-wp-on--click=\"actions.openDialog\" data-wp-on--mouseleave=\"actions.resetZoom\" data-wp-on--mousemove=\"actions.startZoom\" data-wp-on--touchend=\"actions.onTouchEnd\" data-wp-on--touchmove=\"actions.onTouchMove\" data-wp-on--touchstart=\"actions.onTouchStart\" data-wp-watch=\"callbacks.toggleImageVisibility\" draggable=\"false\" fetchpriority=\"low\" tabindex=\"-1\" width=\"1024\" height=\"818\" src=\"https:\/\/macote.fr\/wp-content\/uploads\/2026\/08\/grille-inferieure-pare-chocs-bmw-g87-m2-1024x818.png\" class=\"attachment-large size-large wc-block-woocommerce-product-gallery-large-image__image wc-block-woocommerce-product-gallery-large-image__image--full-screen-on-click wc-block-woocommerce-product-gallery-large-image__image--hoverZoom\" alt=\"grille-inferieure-pare-chocs-bmw-g87-m2\" data-testid=\"product-image\" data-image-id=\"8235\" style=\"object-fit:cover;\" loading=\"lazy\" srcset=\"https:\/\/macote.fr\/wp-content\/uploads\/2026\/08\/grille-inferieure-pare-chocs-bmw-g87-m2-1024x818.png 1024w, https:\/\/macote.fr\/wp-content\/uploads\/2026\/08\/grille-inferieure-pare-chocs-bmw-g87-m2-300x240.png 300w, https:\/\/macote.fr\/wp-content\/uploads\/2026\/08\/grille-inferieure-pare-chocs-bmw-g87-m2-768x614.png 768w, https:\/\/macote.fr\/wp-content\/uploads\/2026\/08\/grille-inferieure-pare-chocs-bmw-g87-m2-15x12.png 15w, https:\/\/macote.fr\/wp-content\/uploads\/2026\/08\/grille-inferieure-pare-chocs-bmw-g87-m2-1200x959.png 1200w, https:\/\/macote.fr\/wp-content\/uploads\/2026\/08\/grille-inferieure-pare-chocs-bmw-g87-m2.png 1403w\" sizes=\"auto, (max-width: 1024px) 100vw, 1024px\" \/><div class=\"wc-block-components-product-image__inner-container\"><\/div><\/div>\t\t\t\t\t<\/li>\n\t\t\t\t\t\t\t\t\t<li\n\t\t\t\t\t\tclass=\"wc-block-product-gallery-large-image__wrapper\"\n\t\t\t\t\t>\n\t\t\t\t\t\t<div data-block-name=\"woocommerce\/product-image\" data-is-descendent-of-single-product-block=\"true\" data-show-product-link=\"false\" data-show-sale-badge=\"false\" class=\"wc-block-components-product-image wc-block-grid__product-image wc-block-components-product-image--aspect-ratio-auto wp-block-woocommerce-product-image\"><img loading=\"lazy\" decoding=\"async\" data-wp-on--click=\"actions.openDialog\" data-wp-on--mouseleave=\"actions.resetZoom\" data-wp-on--mousemove=\"actions.startZoom\" data-wp-on--touchend=\"actions.onTouchEnd\" data-wp-on--touchmove=\"actions.onTouchMove\" data-wp-on--touchstart=\"actions.onTouchStart\" data-wp-watch=\"callbacks.toggleImageVisibility\" draggable=\"false\" fetchpriority=\"low\" tabindex=\"-1\" width=\"1024\" height=\"796\" src=\"https:\/\/macote.fr\/wp-content\/uploads\/2026\/08\/grille-protection-pare-chocs-bmw-m2-g87-1024x796.png\" class=\"attachment-large size-large wc-block-woocommerce-product-gallery-large-image__image wc-block-woocommerce-product-gallery-large-image__image--full-screen-on-click wc-block-woocommerce-product-gallery-large-image__image--hoverZoom\" alt=\"grille-protection-pare-chocs-bmw-m2-g87\" data-testid=\"product-image\" data-image-id=\"8237\" style=\"object-fit:cover;\" loading=\"lazy\" srcset=\"https:\/\/macote.fr\/wp-content\/uploads\/2026\/08\/grille-protection-pare-chocs-bmw-m2-g87-1024x796.png 1024w, https:\/\/macote.fr\/wp-content\/uploads\/2026\/08\/grille-protection-pare-chocs-bmw-m2-g87-300x233.png 300w, https:\/\/macote.fr\/wp-content\/uploads\/2026\/08\/grille-protection-pare-chocs-bmw-m2-g87-768x597.png 768w, https:\/\/macote.fr\/wp-content\/uploads\/2026\/08\/grille-protection-pare-chocs-bmw-m2-g87-15x12.png 15w, https:\/\/macote.fr\/wp-content\/uploads\/2026\/08\/grille-protection-pare-chocs-bmw-m2-g87-1200x933.png 1200w, https:\/\/macote.fr\/wp-content\/uploads\/2026\/08\/grille-protection-pare-chocs-bmw-m2-g87.png 1422w\" sizes=\"auto, (max-width: 1024px) 100vw, 1024px\" \/><div class=\"wc-block-components-product-image__inner-container\"><\/div><\/div>\t\t\t\t\t<\/li>\n\t\t\t\t\t\t\t\t\t<li\n\t\t\t\t\t\tclass=\"wc-block-product-gallery-large-image__wrapper\"\n\t\t\t\t\t>\n\t\t\t\t\t\t<div data-block-name=\"woocommerce\/product-image\" data-is-descendent-of-single-product-block=\"true\" data-show-product-link=\"false\" data-show-sale-badge=\"false\" class=\"wc-block-components-product-image wc-block-grid__product-image wc-block-components-product-image--aspect-ratio-auto wp-block-woocommerce-product-image\"><img loading=\"lazy\" decoding=\"async\" data-wp-on--click=\"actions.openDialog\" data-wp-on--mouseleave=\"actions.resetZoom\" data-wp-on--mousemove=\"actions.startZoom\" data-wp-on--touchend=\"actions.onTouchEnd\" data-wp-on--touchmove=\"actions.onTouchMove\" data-wp-on--touchstart=\"actions.onTouchStart\" data-wp-watch=\"callbacks.toggleImageVisibility\" draggable=\"false\" fetchpriority=\"low\" tabindex=\"-1\" width=\"1024\" height=\"770\" src=\"https:\/\/macote.fr\/wp-content\/uploads\/2026\/08\/grille-calandre-inferieure-bmw-m2-g87-protection-1024x770.png\" class=\"attachment-large size-large wc-block-woocommerce-product-gallery-large-image__image wc-block-woocommerce-product-gallery-large-image__image--full-screen-on-click wc-block-woocommerce-product-gallery-large-image__image--hoverZoom\" alt=\"grille-calandre-inferieure-bmw-m2-g87-protection\" data-testid=\"product-image\" data-image-id=\"8241\" style=\"object-fit:cover;\" loading=\"lazy\" srcset=\"https:\/\/macote.fr\/wp-content\/uploads\/2026\/08\/grille-calandre-inferieure-bmw-m2-g87-protection-1024x770.png 1024w, https:\/\/macote.fr\/wp-content\/uploads\/2026\/08\/grille-calandre-inferieure-bmw-m2-g87-protection-300x226.png 300w, https:\/\/macote.fr\/wp-content\/uploads\/2026\/08\/grille-calandre-inferieure-bmw-m2-g87-protection-768x578.png 768w, https:\/\/macote.fr\/wp-content\/uploads\/2026\/08\/grille-calandre-inferieure-bmw-m2-g87-protection-16x12.png 16w, https:\/\/macote.fr\/wp-content\/uploads\/2026\/08\/grille-calandre-inferieure-bmw-m2-g87-protection-1200x903.png 1200w, https:\/\/macote.fr\/wp-content\/uploads\/2026\/08\/grille-calandre-inferieure-bmw-m2-g87-protection.png 1446w\" sizes=\"auto, (max-width: 1024px) 100vw, 1024px\" \/><div class=\"wc-block-components-product-image__inner-container\"><\/div><\/div>\t\t\t\t\t<\/li>\n\t\t\t\t\t\t\t\t\t<li\n\t\t\t\t\t\tclass=\"wc-block-product-gallery-large-image__wrapper\"\n\t\t\t\t\t>\n\t\t\t\t\t\t<div data-block-name=\"woocommerce\/product-image\" data-is-descendent-of-single-product-block=\"true\" data-show-product-link=\"false\" data-show-sale-badge=\"false\" class=\"wc-block-components-product-image wc-block-grid__product-image wc-block-components-product-image--aspect-ratio-auto wp-block-woocommerce-product-image\"><img loading=\"lazy\" decoding=\"async\" data-wp-on--click=\"actions.openDialog\" data-wp-on--mouseleave=\"actions.resetZoom\" data-wp-on--mousemove=\"actions.startZoom\" data-wp-on--touchend=\"actions.onTouchEnd\" data-wp-on--touchmove=\"actions.onTouchMove\" data-wp-on--touchstart=\"actions.onTouchStart\" data-wp-watch=\"callbacks.toggleImageVisibility\" draggable=\"false\" fetchpriority=\"low\" tabindex=\"-1\" width=\"1024\" height=\"785\" src=\"https:\/\/macote.fr\/wp-content\/uploads\/2026\/08\/protection-calandre-inferieure-bmw-g87-m2-1024x785.png\" class=\"attachment-large size-large wc-block-woocommerce-product-gallery-large-image__image wc-block-woocommerce-product-gallery-large-image__image--full-screen-on-click wc-block-woocommerce-product-gallery-large-image__image--hoverZoom\" alt=\"protection-calandre-inferieure-bmw-g87-m2\" data-testid=\"product-image\" data-image-id=\"8236\" style=\"object-fit:cover;\" loading=\"lazy\" srcset=\"https:\/\/macote.fr\/wp-content\/uploads\/2026\/08\/protection-calandre-inferieure-bmw-g87-m2-1024x785.png 1024w, https:\/\/macote.fr\/wp-content\/uploads\/2026\/08\/protection-calandre-inferieure-bmw-g87-m2-300x230.png 300w, https:\/\/macote.fr\/wp-content\/uploads\/2026\/08\/protection-calandre-inferieure-bmw-g87-m2-768x588.png 768w, https:\/\/macote.fr\/wp-content\/uploads\/2026\/08\/protection-calandre-inferieure-bmw-g87-m2-16x12.png 16w, https:\/\/macote.fr\/wp-content\/uploads\/2026\/08\/protection-calandre-inferieure-bmw-g87-m2-1200x919.png 1200w, https:\/\/macote.fr\/wp-content\/uploads\/2026\/08\/protection-calandre-inferieure-bmw-g87-m2.png 1433w\" sizes=\"auto, (max-width: 1024px) 100vw, 1024px\" \/><div class=\"wc-block-components-product-image__inner-container\"><\/div><\/div>\t\t\t\t\t<\/li>\n\t\t\t\t\t\t\t\t\t<li\n\t\t\t\t\t\tclass=\"wc-block-product-gallery-large-image__wrapper\"\n\t\t\t\t\t>\n\t\t\t\t\t\t<div data-block-name=\"woocommerce\/product-image\" data-is-descendent-of-single-product-block=\"true\" data-show-product-link=\"false\" data-show-sale-badge=\"false\" class=\"wc-block-components-product-image wc-block-grid__product-image wc-block-components-product-image--aspect-ratio-auto wp-block-woocommerce-product-image\"><img loading=\"lazy\" decoding=\"async\" data-wp-on--click=\"actions.openDialog\" data-wp-on--mouseleave=\"actions.resetZoom\" data-wp-on--mousemove=\"actions.startZoom\" data-wp-on--touchend=\"actions.onTouchEnd\" data-wp-on--touchmove=\"actions.onTouchMove\" data-wp-on--touchstart=\"actions.onTouchStart\" data-wp-watch=\"callbacks.toggleImageVisibility\" draggable=\"false\" fetchpriority=\"low\" tabindex=\"-1\" width=\"1024\" height=\"819\" src=\"https:\/\/macote.fr\/wp-content\/uploads\/2026\/08\/grille-protection-calandre-inferieure-bmw-g87-m2-noir-brillant-1024x819.png\" class=\"attachment-large size-large wc-block-woocommerce-product-gallery-large-image__image wc-block-woocommerce-product-gallery-large-image__image--full-screen-on-click wc-block-woocommerce-product-gallery-large-image__image--hoverZoom\" alt=\"grille-protection-calandre-inferieure-bmw-g87-m2-noir-brillant\" data-testid=\"product-image\" data-image-id=\"8239\" style=\"object-fit:cover;\" loading=\"lazy\" srcset=\"https:\/\/macote.fr\/wp-content\/uploads\/2026\/08\/grille-protection-calandre-inferieure-bmw-g87-m2-noir-brillant-1024x819.png 1024w, https:\/\/macote.fr\/wp-content\/uploads\/2026\/08\/grille-protection-calandre-inferieure-bmw-g87-m2-noir-brillant-300x240.png 300w, https:\/\/macote.fr\/wp-content\/uploads\/2026\/08\/grille-protection-calandre-inferieure-bmw-g87-m2-noir-brillant-768x615.png 768w, https:\/\/macote.fr\/wp-content\/uploads\/2026\/08\/grille-protection-calandre-inferieure-bmw-g87-m2-noir-brillant-15x12.png 15w, https:\/\/macote.fr\/wp-content\/uploads\/2026\/08\/grille-protection-calandre-inferieure-bmw-g87-m2-noir-brillant-1200x960.png 1200w, https:\/\/macote.fr\/wp-content\/uploads\/2026\/08\/grille-protection-calandre-inferieure-bmw-g87-m2-noir-brillant.png 1402w\" sizes=\"auto, (max-width: 1024px) 100vw, 1024px\" \/><div class=\"wc-block-components-product-image__inner-container\"><\/div><\/div>\t\t\t\t\t<\/li>\n\t\t\t\t\t\t\t\t\t<li\n\t\t\t\t\t\tclass=\"wc-block-product-gallery-large-image__wrapper\"\n\t\t\t\t\t>\n\t\t\t\t\t\t<div data-block-name=\"woocommerce\/product-image\" data-is-descendent-of-single-product-block=\"true\" data-show-product-link=\"false\" data-show-sale-badge=\"false\" class=\"wc-block-components-product-image wc-block-grid__product-image wc-block-components-product-image--aspect-ratio-auto wp-block-woocommerce-product-image\"><img loading=\"lazy\" decoding=\"async\" data-wp-on--click=\"actions.openDialog\" data-wp-on--mouseleave=\"actions.resetZoom\" data-wp-on--mousemove=\"actions.startZoom\" data-wp-on--touchend=\"actions.onTouchEnd\" data-wp-on--touchmove=\"actions.onTouchMove\" data-wp-on--touchstart=\"actions.onTouchStart\" data-wp-watch=\"callbacks.toggleImageVisibility\" draggable=\"false\" fetchpriority=\"low\" tabindex=\"-1\" width=\"1024\" height=\"825\" src=\"https:\/\/macote.fr\/wp-content\/uploads\/2026\/08\/protection-grille-calandre-bmw-m2-g87-noir-1024x825.png\" class=\"attachment-large size-large wc-block-woocommerce-product-gallery-large-image__image wc-block-woocommerce-product-gallery-large-image__image--full-screen-on-click wc-block-woocommerce-product-gallery-large-image__image--hoverZoom\" alt=\"protection-grille-calandre-bmw-m2-g87-noir\" data-testid=\"product-image\" data-image-id=\"8238\" style=\"object-fit:cover;\" loading=\"lazy\" srcset=\"https:\/\/macote.fr\/wp-content\/uploads\/2026\/08\/protection-grille-calandre-bmw-m2-g87-noir-1024x825.png 1024w, https:\/\/macote.fr\/wp-content\/uploads\/2026\/08\/protection-grille-calandre-bmw-m2-g87-noir-300x242.png 300w, https:\/\/macote.fr\/wp-content\/uploads\/2026\/08\/protection-grille-calandre-bmw-m2-g87-noir-768x619.png 768w, https:\/\/macote.fr\/wp-content\/uploads\/2026\/08\/protection-grille-calandre-bmw-m2-g87-noir-15x12.png 15w, https:\/\/macote.fr\/wp-content\/uploads\/2026\/08\/protection-grille-calandre-bmw-m2-g87-noir-1200x967.png 1200w, https:\/\/macote.fr\/wp-content\/uploads\/2026\/08\/protection-grille-calandre-bmw-m2-g87-noir.png 1397w\" sizes=\"auto, (max-width: 1024px) 100vw, 1024px\" \/><div class=\"wc-block-components-product-image__inner-container\"><\/div><\/div>\t\t\t\t\t<\/li>\n\t\t\t\t\t\t\t\t\t<li\n\t\t\t\t\t\tclass=\"wc-block-product-gallery-large-image__wrapper\"\n\t\t\t\t\t>\n\t\t\t\t\t\t<div data-block-name=\"woocommerce\/product-image\" data-is-descendent-of-single-product-block=\"true\" data-show-product-link=\"false\" data-show-sale-badge=\"false\" class=\"wc-block-components-product-image wc-block-grid__product-image wc-block-components-product-image--aspect-ratio-auto wp-block-woocommerce-product-image\"><img loading=\"lazy\" decoding=\"async\" data-wp-on--click=\"actions.openDialog\" data-wp-on--mouseleave=\"actions.resetZoom\" data-wp-on--mousemove=\"actions.startZoom\" data-wp-on--touchend=\"actions.onTouchEnd\" data-wp-on--touchmove=\"actions.onTouchMove\" data-wp-on--touchstart=\"actions.onTouchStart\" data-wp-watch=\"callbacks.toggleImageVisibility\" draggable=\"false\" fetchpriority=\"low\" tabindex=\"-1\" width=\"1024\" height=\"765\" src=\"https:\/\/macote.fr\/wp-content\/uploads\/2026\/08\/grille-protection-radiateur-bmw-g87-m2-1024x765.png\" class=\"attachment-large size-large wc-block-woocommerce-product-gallery-large-image__image wc-block-woocommerce-product-gallery-large-image__image--full-screen-on-click wc-block-woocommerce-product-gallery-large-image__image--hoverZoom\" alt=\"grille-protection-radiateur-bmw-g87-m2\" data-testid=\"product-image\" data-image-id=\"8240\" style=\"object-fit:cover;\" loading=\"lazy\" srcset=\"https:\/\/macote.fr\/wp-content\/uploads\/2026\/08\/grille-protection-radiateur-bmw-g87-m2-1024x765.png 1024w, https:\/\/macote.fr\/wp-content\/uploads\/2026\/08\/grille-protection-radiateur-bmw-g87-m2-300x224.png 300w, https:\/\/macote.fr\/wp-content\/uploads\/2026\/08\/grille-protection-radiateur-bmw-g87-m2-768x574.png 768w, https:\/\/macote.fr\/wp-content\/uploads\/2026\/08\/grille-protection-radiateur-bmw-g87-m2-16x12.png 16w, https:\/\/macote.fr\/wp-content\/uploads\/2026\/08\/grille-protection-radiateur-bmw-g87-m2-1200x896.png 1200w, https:\/\/macote.fr\/wp-content\/uploads\/2026\/08\/grille-protection-radiateur-bmw-g87-m2.png 1451w\" sizes=\"auto, (max-width: 1024px) 100vw, 1024px\" \/><div class=\"wc-block-components-product-image__inner-container\"><\/div><\/div>\t\t\t\t\t<\/li>\n\t\t\t\t\t\t\t<\/ul>\n\t\t\t\t\t\t<div class=\"wc-block-product-gallery-large-image__inner-blocks\">\n\t\t\t\t\t\t\t\t\t\t\t<div data-block-name=\"woocommerce\/product-gallery-large-image-next-previous\"\n\t\t\tclass=\"wc-block-next-previous-buttons is-layout-flex wp-container-woocommerce-product-gallery-large-image-next-previous-is-layout-70719bd6 wp-block-woocommerce-product-gallery-large-image-next-previous-is-layout-flex\"\n\t\t\tdata-wp-interactive=\"woocommerce\/product-gallery\"\n\t\t\tdata-wp-bind--hidden=\"context.hideNextPreviousButtons\"\n\t\t>\n\t\t\t<button aria-disabled=\"true\" aria-label=\"Imagen anterior\"\n\t\t\t\tclass=\"wc-block-next-previous-buttons__button \"\n\t\t\t\tstyle=\"\"\n\t\t\t\tdata-wp-on--click=\"actions.onClickPrevious\"\n\t\t\t\tdata-wp-on--keydown=\"actions.onKeyDownPrevious\"\n\t\t\t\tdata-wp-bind--aria-disabled=\"context.isDisabledPrevious\"\n\t\t\t\tdata-wp-bind--aria-label=\"context.ariaLabelPrevious\"\n\t\t\t>\n\t\t\t\t<svg\n\t\t\t\t\tclass=\"wc-block-next-previous-buttons__icon wc-block-next-previous-buttons__icon--left\"\n\t\t\t\t\txmlns=\"http:\/\/www.w3.org\/2000\/svg\"\n\t\t\t\t\twidth=\"8\"\n\t\t\t\t\theight=\"12\"\n\t\t\t\t\tfill=\"none\"\n\t\t\t\t>\n\t\t\t\t\t<path\n\t\t\t\t\t\tfill=\"currentColor\"\n\t\t\t\t\t\tfillRule=\"evenodd\"\n\t\t\t\t\t\td=\"M6.445 12.005.986 6 6.445-.005l1.11 1.01L3.014 6l4.54 4.995-1.109 1.01Z\"\n\t\t\t\t\t\tclipRule=\"evenodd\"\n\t\t\t\t\t\/>\n\t\t\t\t<\/svg>\n\t\t\t<\/button>\n\t\t\t<button aria-disabled=\"false\" aria-label=\"Imagen siguiente\"\n\t\t\t\tclass=\"wc-block-next-previous-buttons__button \"\n\t\t\t\tstyle=\"\"\n\t\t\t\tdata-wp-on--click=\"actions.onClickNext\"\n\t\t\t\tdata-wp-on--keydown=\"actions.onKeyDownNext\"\n\t\t\t\tdata-wp-bind--aria-disabled=\"context.isDisabledNext\"\n\t\t\t\tdata-wp-bind--aria-label=\"context.ariaLabelNext\"\n\t\t\t>\n\t\t\t\t<svg\n\t\t\t\t\tclass=\"wc-block-next-previous-buttons__icon wc-block-next-previous-buttons__icon--right\"\n\t\t\t\t\txmlns=\"http:\/\/www.w3.org\/2000\/svg\"\n\t\t\t\t\twidth=\"8\"\n\t\t\t\t\theight=\"12\"\n\t\t\t\t\tfill=\"none\"\n\t\t\t\t>\n\t\t\t\t\t<path\n\t\t\t\t\t\tfill=\"currentColor\"\n\t\t\t\t\t\tfillRule=\"evenodd\"\n\t\t\t\t\t\td=\"M1.555-.004 7.014 6l-5.459 6.005-1.11-1.01L4.986 6 .446 1.005l1.109-1.01Z\"\n\t\t\t\t\t\tclipRule=\"evenodd\"\n\t\t\t\t\t\/>\n\t\t\t\t<\/svg>\n\t\t\t<\/button>\n\t\t<\/div>\n\t\t\t\t\t\t<\/div>\n\t\t\t<\/div>\n\t\t\t\t\t<dialog inert\n\t\t\t\tdata-wp-bind--open=\"context.isDialogOpen\"\n\t\t\t\tdata-wp-bind--inert=\"!context.isDialogOpen\"\n\t\t\t\tdata-wp-on--close=\"actions.closeDialog\"\n\t\t\t\tdata-wp-on--keydown=\"actions.onDialogKeyDown\"\n\t\t\t\tdata-wp-watch=\"callbacks.dialogStateChange\"\n\t\t\t\tclass=\"wc-block-product-gallery-dialog\"\n\t\t\t\trole=\"dialog\"\n\t\t\t\taria-modal=\"true\"\n\t\t\t\taria-label=\"Product Gallery\">\n\t\t\t\t<div class=\"wc-block-product-gallery-dialog__header\">\n\t\t\t\t\t<button class=\"wc-block-product-gallery-dialog__close-button\" data-wp-on--click=\"actions.closeDialog\" aria-label=\"Cerrar ventana\">\n\t\t\t\t\t\t<svg xmlns=\"http:\/\/www.w3.org\/2000\/svg\" viewBox=\"0 0 24 24\" width=\"24\" height=\"24\" aria-hidden=\"true\" focusable=\"false\">\n\t\t\t\t\t\t\t<path d=\"M13 11.8l6.1-6.3-1-1-6.1 6.2-6.1-6.2-1 1 6.1 6.3-6.5 6.7 1 1 6.5-6.6 6.5 6.6 1-1z\"><\/path>\n\t\t\t\t\t\t<\/svg>\n\t\t\t\t\t<\/button>\n\t\t\t\t<\/div>\n\t\t\t\t<div class=\"wc-block-product-gallery-dialog__content\">\n\t\t\t\t\t\t\t\t\t\t\t\t<img data-image-id='8232' data-wp-watch='callbacks.toggleImageVisibility' src='https:\/\/macote.fr\/wp-content\/uploads\/2026\/08\/grille-calandre-bmw-g87-m2-noir-brillant.png' srcset='https:\/\/macote.fr\/wp-content\/uploads\/2026\/08\/grille-calandre-bmw-g87-m2-noir-brillant.png 1409w, https:\/\/macote.fr\/wp-content\/uploads\/2026\/08\/grille-calandre-bmw-g87-m2-noir-brillant-300x238.png 300w, https:\/\/macote.fr\/wp-content\/uploads\/2026\/08\/grille-calandre-bmw-g87-m2-noir-brillant-1024x812.png 1024w, https:\/\/macote.fr\/wp-content\/uploads\/2026\/08\/grille-calandre-bmw-g87-m2-noir-brillant-768x609.png 768w, https:\/\/macote.fr\/wp-content\/uploads\/2026\/08\/grille-calandre-bmw-g87-m2-noir-brillant-15x12.png 15w, https:\/\/macote.fr\/wp-content\/uploads\/2026\/08\/grille-calandre-bmw-g87-m2-noir-brillant-1200x951.png 1200w' sizes='(max-width: 1409px) 100vw, 1409px' decoding='async' alt='grille-calandre-bmw-g87-m2-noir-brillant' \/><img data-image-id='8233' data-wp-watch='callbacks.toggleImageVisibility' src='https:\/\/macote.fr\/wp-content\/uploads\/2026\/08\/grille-inferieure-protection-pare-chocs-m2-g87.png' srcset='https:\/\/macote.fr\/wp-content\/uploads\/2026\/08\/grille-inferieure-protection-pare-chocs-m2-g87.png 1419w, https:\/\/macote.fr\/wp-content\/uploads\/2026\/08\/grille-inferieure-protection-pare-chocs-m2-g87-300x234.png 300w, https:\/\/macote.fr\/wp-content\/uploads\/2026\/08\/grille-inferieure-protection-pare-chocs-m2-g87-1024x800.png 1024w, https:\/\/macote.fr\/wp-content\/uploads\/2026\/08\/grille-inferieure-protection-pare-chocs-m2-g87-768x600.png 768w, https:\/\/macote.fr\/wp-content\/uploads\/2026\/08\/grille-inferieure-protection-pare-chocs-m2-g87-15x12.png 15w, https:\/\/macote.fr\/wp-content\/uploads\/2026\/08\/grille-inferieure-protection-pare-chocs-m2-g87-1200x937.png 1200w' sizes='(max-width: 1419px) 100vw, 1419px' decoding='async' alt='grille-inferieure-protection-pare-chocs-m2-g87' \/><img data-image-id='8234' data-wp-watch='callbacks.toggleImageVisibility' src='https:\/\/macote.fr\/wp-content\/uploads\/2026\/08\/grille-protection-prise-air-bmw-m2-g87.png' srcset='https:\/\/macote.fr\/wp-content\/uploads\/2026\/08\/grille-protection-prise-air-bmw-m2-g87.png 1616w, https:\/\/macote.fr\/wp-content\/uploads\/2026\/08\/grille-protection-prise-air-bmw-m2-g87-300x181.png 300w, https:\/\/macote.fr\/wp-content\/uploads\/2026\/08\/grille-protection-prise-air-bmw-m2-g87-1024x617.png 1024w, https:\/\/macote.fr\/wp-content\/uploads\/2026\/08\/grille-protection-prise-air-bmw-m2-g87-768x462.png 768w, https:\/\/macote.fr\/wp-content\/uploads\/2026\/08\/grille-protection-prise-air-bmw-m2-g87-1536x925.png 1536w, https:\/\/macote.fr\/wp-content\/uploads\/2026\/08\/grille-protection-prise-air-bmw-m2-g87-18x12.png 18w, https:\/\/macote.fr\/wp-content\/uploads\/2026\/08\/grille-protection-prise-air-bmw-m2-g87-1200x723.png 1200w' sizes='(max-width: 1616px) 100vw, 1616px' decoding='async' alt='grille-protection-prise-air-bmw-m2-g87' \/><img data-image-id='8235' data-wp-watch='callbacks.toggleImageVisibility' src='https:\/\/macote.fr\/wp-content\/uploads\/2026\/08\/grille-inferieure-pare-chocs-bmw-g87-m2.png' srcset='https:\/\/macote.fr\/wp-content\/uploads\/2026\/08\/grille-inferieure-pare-chocs-bmw-g87-m2.png 1403w, https:\/\/macote.fr\/wp-content\/uploads\/2026\/08\/grille-inferieure-pare-chocs-bmw-g87-m2-300x240.png 300w, https:\/\/macote.fr\/wp-content\/uploads\/2026\/08\/grille-inferieure-pare-chocs-bmw-g87-m2-1024x818.png 1024w, https:\/\/macote.fr\/wp-content\/uploads\/2026\/08\/grille-inferieure-pare-chocs-bmw-g87-m2-768x614.png 768w, https:\/\/macote.fr\/wp-content\/uploads\/2026\/08\/grille-inferieure-pare-chocs-bmw-g87-m2-15x12.png 15w, https:\/\/macote.fr\/wp-content\/uploads\/2026\/08\/grille-inferieure-pare-chocs-bmw-g87-m2-1200x959.png 1200w' sizes='(max-width: 1403px) 100vw, 1403px' decoding='async' alt='grille-inferieure-pare-chocs-bmw-g87-m2' \/><img data-image-id='8237' data-wp-watch='callbacks.toggleImageVisibility' src='https:\/\/macote.fr\/wp-content\/uploads\/2026\/08\/grille-protection-pare-chocs-bmw-m2-g87.png' srcset='https:\/\/macote.fr\/wp-content\/uploads\/2026\/08\/grille-protection-pare-chocs-bmw-m2-g87.png 1422w, https:\/\/macote.fr\/wp-content\/uploads\/2026\/08\/grille-protection-pare-chocs-bmw-m2-g87-300x233.png 300w, https:\/\/macote.fr\/wp-content\/uploads\/2026\/08\/grille-protection-pare-chocs-bmw-m2-g87-1024x796.png 1024w, https:\/\/macote.fr\/wp-content\/uploads\/2026\/08\/grille-protection-pare-chocs-bmw-m2-g87-768x597.png 768w, https:\/\/macote.fr\/wp-content\/uploads\/2026\/08\/grille-protection-pare-chocs-bmw-m2-g87-15x12.png 15w, https:\/\/macote.fr\/wp-content\/uploads\/2026\/08\/grille-protection-pare-chocs-bmw-m2-g87-1200x933.png 1200w' sizes='(max-width: 1422px) 100vw, 1422px' decoding='async' alt='grille-protection-pare-chocs-bmw-m2-g87' \/><img data-image-id='8241' data-wp-watch='callbacks.toggleImageVisibility' src='https:\/\/macote.fr\/wp-content\/uploads\/2026\/08\/grille-calandre-inferieure-bmw-m2-g87-protection.png' srcset='https:\/\/macote.fr\/wp-content\/uploads\/2026\/08\/grille-calandre-inferieure-bmw-m2-g87-protection.png 1446w, https:\/\/macote.fr\/wp-content\/uploads\/2026\/08\/grille-calandre-inferieure-bmw-m2-g87-protection-300x226.png 300w, https:\/\/macote.fr\/wp-content\/uploads\/2026\/08\/grille-calandre-inferieure-bmw-m2-g87-protection-1024x770.png 1024w, https:\/\/macote.fr\/wp-content\/uploads\/2026\/08\/grille-calandre-inferieure-bmw-m2-g87-protection-768x578.png 768w, https:\/\/macote.fr\/wp-content\/uploads\/2026\/08\/grille-calandre-inferieure-bmw-m2-g87-protection-16x12.png 16w, https:\/\/macote.fr\/wp-content\/uploads\/2026\/08\/grille-calandre-inferieure-bmw-m2-g87-protection-1200x903.png 1200w' sizes='(max-width: 1446px) 100vw, 1446px' decoding='async' alt='grille-calandre-inferieure-bmw-m2-g87-protection' \/><img data-image-id='8236' data-wp-watch='callbacks.toggleImageVisibility' src='https:\/\/macote.fr\/wp-content\/uploads\/2026\/08\/protection-calandre-inferieure-bmw-g87-m2.png' srcset='https:\/\/macote.fr\/wp-content\/uploads\/2026\/08\/protection-calandre-inferieure-bmw-g87-m2.png 1433w, https:\/\/macote.fr\/wp-content\/uploads\/2026\/08\/protection-calandre-inferieure-bmw-g87-m2-300x230.png 300w, https:\/\/macote.fr\/wp-content\/uploads\/2026\/08\/protection-calandre-inferieure-bmw-g87-m2-1024x785.png 1024w, https:\/\/macote.fr\/wp-content\/uploads\/2026\/08\/protection-calandre-inferieure-bmw-g87-m2-768x588.png 768w, https:\/\/macote.fr\/wp-content\/uploads\/2026\/08\/protection-calandre-inferieure-bmw-g87-m2-16x12.png 16w, https:\/\/macote.fr\/wp-content\/uploads\/2026\/08\/protection-calandre-inferieure-bmw-g87-m2-1200x919.png 1200w' sizes='(max-width: 1433px) 100vw, 1433px' decoding='async' alt='protection-calandre-inferieure-bmw-g87-m2' \/><img data-image-id='8239' data-wp-watch='callbacks.toggleImageVisibility' src='https:\/\/macote.fr\/wp-content\/uploads\/2026\/08\/grille-protection-calandre-inferieure-bmw-g87-m2-noir-brillant.png' srcset='https:\/\/macote.fr\/wp-content\/uploads\/2026\/08\/grille-protection-calandre-inferieure-bmw-g87-m2-noir-brillant.png 1402w, https:\/\/macote.fr\/wp-content\/uploads\/2026\/08\/grille-protection-calandre-inferieure-bmw-g87-m2-noir-brillant-300x240.png 300w, https:\/\/macote.fr\/wp-content\/uploads\/2026\/08\/grille-protection-calandre-inferieure-bmw-g87-m2-noir-brillant-1024x819.png 1024w, https:\/\/macote.fr\/wp-content\/uploads\/2026\/08\/grille-protection-calandre-inferieure-bmw-g87-m2-noir-brillant-768x615.png 768w, https:\/\/macote.fr\/wp-content\/uploads\/2026\/08\/grille-protection-calandre-inferieure-bmw-g87-m2-noir-brillant-15x12.png 15w, https:\/\/macote.fr\/wp-content\/uploads\/2026\/08\/grille-protection-calandre-inferieure-bmw-g87-m2-noir-brillant-1200x960.png 1200w' sizes='(max-width: 1402px) 100vw, 1402px' decoding='async' alt='grille-protection-calandre-inferieure-bmw-g87-m2-noir-brillant' \/><img data-image-id='8238' data-wp-watch='callbacks.toggleImageVisibility' src='https:\/\/macote.fr\/wp-content\/uploads\/2026\/08\/protection-grille-calandre-bmw-m2-g87-noir.png' srcset='https:\/\/macote.fr\/wp-content\/uploads\/2026\/08\/protection-grille-calandre-bmw-m2-g87-noir.png 1397w, https:\/\/macote.fr\/wp-content\/uploads\/2026\/08\/protection-grille-calandre-bmw-m2-g87-noir-300x242.png 300w, https:\/\/macote.fr\/wp-content\/uploads\/2026\/08\/protection-grille-calandre-bmw-m2-g87-noir-1024x825.png 1024w, https:\/\/macote.fr\/wp-content\/uploads\/2026\/08\/protection-grille-calandre-bmw-m2-g87-noir-768x619.png 768w, https:\/\/macote.fr\/wp-content\/uploads\/2026\/08\/protection-grille-calandre-bmw-m2-g87-noir-15x12.png 15w, https:\/\/macote.fr\/wp-content\/uploads\/2026\/08\/protection-grille-calandre-bmw-m2-g87-noir-1200x967.png 1200w' sizes='(max-width: 1397px) 100vw, 1397px' decoding='async' alt='protection-grille-calandre-bmw-m2-g87-noir' \/><img data-image-id='8240' data-wp-watch='callbacks.toggleImageVisibility' src='https:\/\/macote.fr\/wp-content\/uploads\/2026\/08\/grille-protection-radiateur-bmw-g87-m2.png' srcset='https:\/\/macote.fr\/wp-content\/uploads\/2026\/08\/grille-protection-radiateur-bmw-g87-m2.png 1451w, https:\/\/macote.fr\/wp-content\/uploads\/2026\/08\/grille-protection-radiateur-bmw-g87-m2-300x224.png 300w, https:\/\/macote.fr\/wp-content\/uploads\/2026\/08\/grille-protection-radiateur-bmw-g87-m2-1024x765.png 1024w, https:\/\/macote.fr\/wp-content\/uploads\/2026\/08\/grille-protection-radiateur-bmw-g87-m2-768x574.png 768w, https:\/\/macote.fr\/wp-content\/uploads\/2026\/08\/grille-protection-radiateur-bmw-g87-m2-16x12.png 16w, https:\/\/macote.fr\/wp-content\/uploads\/2026\/08\/grille-protection-radiateur-bmw-g87-m2-1200x896.png 1200w' sizes='(max-width: 1451px) 100vw, 1451px' decoding='async' alt='grille-protection-radiateur-bmw-g87-m2' \/>\t\t\t\t<\/div>\n\t\t\t<\/dialog>\n\t\t<\/div>\n<\/div>\n\n\n\n<div class=\"wp-block-column is-layout-flow wp-block-column-is-layout-flow\"><h2 class=\"wp-block-post-title\"><a href=\"https:\/\/macote.fr\/es\/producto\/rejilla-protectora-inferior-de-la-parrilla-del-bmw-g87-m2-en-negro-brillante\/\" target=\"_self\" >Grille de Protection de Calandre Inf\u00e9rieure BMW G87 M2 \u2013 Noir Brillant<\/a><\/h2>\n\n<div data-block-name=\"woocommerce\/product-price\" data-is-descendent-of-single-product-block=\"true\" class=\"wp-block-woocommerce-product-price\" ><div class=\"wc-block-components-product-price wc-block-grid__product-price\" >\n\t\t\t\t\t<span class=\"woocommerce-Price-amount amount\"><bdi>79,99&nbsp;<span class=\"woocommerce-Price-currencySymbol\" translate=\"no\">&euro;<\/span><\/bdi><\/span>\n\t\t\t\t<\/div><\/div>\n\n<div data-block-name=\"woocommerce\/add-to-cart-form\" class=\"wp-block-add-to-cart-form wc-block-add-to-cart-form wc-block-add-to-cart-form--input wp-block-woocommerce-add-to-cart-form\" >\n\t\n\t<form class=\"cart\" action=\"https:\/\/macote.fr\/es\/producto\/rejilla-protectora-inferior-de-la-parrilla-del-bmw-g87-m2-en-negro-brillante\/\" method=\"post\" enctype='multipart\/form-data'>\n\t\t\n\t\t<div class=\"quantity\" data-type=\"type-2\">\n\t\t<label class=\"screen-reader-text\" for=\"quantity_6a97c2357f176\">Grille de Protection de Calandre Inf\u00e9rieure BMW G87 M2 \u2013 Noir Brillant cantidad<\/label>\n\t<input\n\t\ttype=\"number\"\n\t\t\t\tid=\"quantity_6a97c2357f176\"\n\t\tclass=\"input-text qty text\"\n\t\tname=\"quantity\"\n\t\tvalue=\"1\"\n\t\taria-label=\"Cantidad de productos\"\n\t\t\t\tmin=\"1\"\n\t\t\t\t\t\t\tstep=\"1\"\n\t\t\tplaceholder=\"\"\n\t\t\tinputmode=\"numeric\"\n\t\t\tautocomplete=\"off\"\n\t\t\t\/>\n\t<\/div>\n\n\t\t<button type=\"submit\" name=\"add-to-cart\" value=\"8165\" class=\"single_add_to_cart_button button alt\">A\u00f1adir al carrito<\/button>\n\n\t\t\t<\/form>\n\n\t\n<\/div>\n\n\n<div data-block-name=\"woocommerce\/product-meta\" class=\"wp-block-woocommerce-product-meta\">\n<div class=\"wp-block-group is-nowrap is-layout-flex wp-container-core-group-is-layout-995f960e wp-block-group-is-layout-flex\"><\/div>\n<\/div>\n<\/div>\n<\/div>\n<\/div>\n\n\n\n<hr class=\"wp-block-separator has-alpha-channel-opacity\"\/>\n\n\n\n<h2 class=\"wp-block-heading\">\u00c0 quoi sert cette grille de protection ?<\/h2>\n\n\n\n<p class=\"wp-block-paragraph\">Lorsque votre BMW roule une partie de ces projections peut passer directement \u00e0 travers les ouvertures de la calandre inf\u00e9rieure.<\/p>\n\n\n\n<p class=\"wp-block-paragraph\">\u00c0 force de rouler, ces impacts peuvent salir, marquer ou potentiellement endommager certains \u00e9l\u00e9ments situ\u00e9s derri\u00e8re le pare-chocs.<\/p>\n\n\n\n<p class=\"wp-block-paragraph\">La grille vient cr\u00e9er une barri\u00e8re physique suppl\u00e9mentaire entre la route et les composants situ\u00e9s derri\u00e8re la calandre.<\/p>\n\n\n\n<h3 class=\"wp-block-heading\">Elle permet notamment de :<\/h3>\n\n\n\n<ul class=\"wp-block-list\">\n<li>Limiter le passage des gravillons<\/li>\n\n\n\n<li>R\u00e9duire les projections de petits d\u00e9bris<\/li>\n\n\n\n<li>Prot\u00e9ger les \u00e9l\u00e9ments situ\u00e9s derri\u00e8re la calandre<\/li>\n\n\n\n<li>Limiter l&rsquo;accumulation de feuilles et autres d\u00e9bris<\/li>\n\n\n\n<li>Pr\u00e9server davantage les zones expos\u00e9es du pare-chocs<\/li>\n\n\n\n<li>Apporter une protection suppl\u00e9mentaire lors d&rsquo;une conduite sportive<\/li>\n<\/ul>\n\n\n\n<p class=\"wp-block-paragraph\">Il s&rsquo;agit donc d&rsquo;une modification pens\u00e9e avant tout pour prot\u00e9ger votre BMW M2 sur le long terme.<\/p>\n\n\n\n<hr class=\"wp-block-separator has-alpha-channel-opacity\"\/>\n\n\n\n<h2 class=\"wp-block-heading\">Une protection particuli\u00e8rement utile sur la BMW G87 M2<\/h2>\n\n\n\n<p class=\"wp-block-paragraph\">La BMW M2 G87 poss\u00e8de un bouclier avant particuli\u00e8rement sportif avec de larges ouvertures permettant de g\u00e9rer les diff\u00e9rents flux d&rsquo;air n\u00e9cessaires au fonctionnement du v\u00e9hicule.<\/p>\n\n\n\n<p class=\"wp-block-paragraph\">Ces ouvertures sont indispensables, mais elles laissent \u00e9galement passer les \u00e9l\u00e9ments pr\u00e9sents sur la route.<\/p>\n\n\n\n<p class=\"wp-block-paragraph\">Pour une BMW utilis\u00e9e quotidiennement, sur autoroute ou lors de sorties sportives, les projections sont in\u00e9vitables.<\/p>\n\n\n\n<p class=\"wp-block-paragraph\">La grille permet ainsi d&rsquo;ajouter une protection suppl\u00e9mentaire sans condamner compl\u00e8tement les ouvertures.<\/p>\n\n\n\n<p class=\"wp-block-paragraph\">Elle est particuli\u00e8rement int\u00e9ressante pour les propri\u00e9taires souhaitant conserver leur G87 M2 dans un \u00e9tat impeccable et limiter les risques li\u00e9s aux projections.<\/p>\n\n\n\n<hr class=\"wp-block-separator has-alpha-channel-opacity\"\/>\n\n\n\n<h2 class=\"wp-block-heading\">Une grille qui conserve la circulation de l&rsquo;air<\/h2>\n\n\n\n<p class=\"wp-block-paragraph\">L&rsquo;objectif n&rsquo;est \u00e9videmment pas de fermer compl\u00e8tement la calandre.<\/p>\n\n\n\n<p class=\"wp-block-paragraph\">Le refroidissement et la circulation de l&rsquo;air restent essentiels au fonctionnement d&rsquo;une BMW M2.<\/p>\n\n\n\n<p class=\"wp-block-paragraph\">La conception ajour\u00e9e de la grille permet donc de conserver un passage d&rsquo;air tout en limitant le passage des petits \u00e9l\u00e9ments provenant de la route.<\/p>\n\n\n\n<p class=\"wp-block-paragraph\">La grille agit ainsi comme un filtre physique :<\/p>\n\n\n\n<p class=\"wp-block-paragraph\">L&rsquo;air peut continuer \u00e0 circuler \u2192 les petits d\u00e9bris sont davantage retenus.<\/p>\n\n\n\n<p class=\"wp-block-paragraph\">Cette conception permet de trouver un bon compromis entre protection et circulation de l&rsquo;air.<\/p>\n\n\n\n<hr class=\"wp-block-separator has-alpha-channel-opacity\"\/>\n\n\n\n<h2 class=\"wp-block-heading\">Une finition noir brillant parfaitement adapt\u00e9e au G87 M2<\/h2>\n\n\n\n<p class=\"wp-block-paragraph\">La protection n&#8217;emp\u00eache pas de conserver une esth\u00e9tique soign\u00e9e.<\/p>\n\n\n\n<p class=\"wp-block-paragraph\">Cette grille b\u00e9n\u00e9ficie d&rsquo;une finition noir brillant qui s&rsquo;int\u00e8gre naturellement dans les ouvertures du pare-chocs avant de la BMW G87 M2.<\/p>\n\n\n\n<p class=\"wp-block-paragraph\">Une fois install\u00e9e derri\u00e8re la calandre, elle reste relativement discr\u00e8te et ne vient pas modifier radicalement le design original du v\u00e9hicule.<\/p>\n\n\n\n<p class=\"wp-block-paragraph\">Le r\u00e9sultat conserve ainsi l&rsquo;apparence agressive et sportive caract\u00e9ristique de la M2 tout en ajoutant une fonctionnalit\u00e9 suppl\u00e9mentaire.<\/p>\n\n\n\n<figure class=\"wp-block-image size-large\"><img decoding=\"async\" width=\"1024\" height=\"765\" src=\"https:\/\/macote.fr\/wp-content\/uploads\/2026\/08\/grille-protection-radiateur-bmw-g87-m2-1024x765.png\" alt=\"grille-protection-radiateur-bmw-g87-m2\" class=\"wp-image-8240\" srcset=\"https:\/\/macote.fr\/wp-content\/uploads\/2026\/08\/grille-protection-radiateur-bmw-g87-m2-1024x765.png 1024w, https:\/\/macote.fr\/wp-content\/uploads\/2026\/08\/grille-protection-radiateur-bmw-g87-m2-300x224.png 300w, https:\/\/macote.fr\/wp-content\/uploads\/2026\/08\/grille-protection-radiateur-bmw-g87-m2-768x574.png 768w, https:\/\/macote.fr\/wp-content\/uploads\/2026\/08\/grille-protection-radiateur-bmw-g87-m2-16x12.png 16w, https:\/\/macote.fr\/wp-content\/uploads\/2026\/08\/grille-protection-radiateur-bmw-g87-m2-1200x896.png 1200w, https:\/\/macote.fr\/wp-content\/uploads\/2026\/08\/grille-protection-radiateur-bmw-g87-m2.png 1451w\" sizes=\"(max-width: 1024px) 100vw, 1024px\" \/><\/figure>\n\n\n\n<h3 class=\"wp-block-heading\">Une modification discr\u00e8te<\/h3>\n\n\n\n<p class=\"wp-block-paragraph\">Contrairement \u00e0 certaines protections tr\u00e8s visibles, cette grille est destin\u00e9e \u00e0 se faire oublier une fois install\u00e9e.<\/p>\n\n\n\n<p class=\"wp-block-paragraph\">Son emplacement derri\u00e8re la calandre permet de conserver une apparence proche de l&rsquo;origine tout en b\u00e9n\u00e9ficiant d&rsquo;une protection suppl\u00e9mentaire.<\/p>\n\n\n\n<p class=\"wp-block-paragraph\">C&rsquo;est donc une modification particuli\u00e8rement adapt\u00e9e aux propri\u00e9taires recherchant une pr\u00e9paration OEM+, avec des accessoires qui apportent une v\u00e9ritable utilit\u00e9 au v\u00e9hicule.<\/p>\n\n\n\n<hr class=\"wp-block-separator has-alpha-channel-opacity\"\/>\n\n\n\n<h2 class=\"wp-block-heading\">Une protection id\u00e9ale pour la conduite quotidienne et sportive<\/h2>\n\n\n\n<p class=\"wp-block-paragraph\">Que votre BMW G87 M2 soit utilis\u00e9e quotidiennement ou principalement le week-end, les projections de la route restent pr\u00e9sentes.<\/p>\n\n\n\n<p class=\"wp-block-paragraph\">Sur autoroute, les gravillons et d\u00e9bris laiss\u00e9s par les autres v\u00e9hicules peuvent notamment \u00eatre projet\u00e9s directement vers l&rsquo;avant de votre voiture.<\/p>\n\n\n\n<p class=\"wp-block-paragraph\">Lors d&rsquo;une conduite plus dynamique, les projections peuvent \u00e9galement \u00eatre plus importantes.<\/p>\n\n\n\n<p class=\"wp-block-paragraph\">La grille constitue donc une solution pr\u00e9ventive int\u00e9ressante pour :<\/p>\n\n\n\n<ul class=\"wp-block-list\">\n<li>La conduite quotidienne<\/li>\n\n\n\n<li>Les longs trajets<\/li>\n\n\n\n<li>Les trajets sur autoroute<\/li>\n\n\n\n<li>Les sorties sportives<\/li>\n\n\n\n<li>Les v\u00e9hicules utilis\u00e9s sur circuit<\/li>\n\n\n\n<li>Les propri\u00e9taires souhaitant pr\u00e9server leur BMW<\/li>\n<\/ul>\n\n\n\n<p class=\"wp-block-paragraph\">Elle permet de prot\u00e9ger une zone expos\u00e9e sans n\u00e9cessiter une modification importante du v\u00e9hicule.<\/p>\n\n\n\n<hr class=\"wp-block-separator has-alpha-channel-opacity\"\/>\n\n\n\n<h2 class=\"wp-block-heading\">Installation de la grille de protection<\/h2>\n\n\n\n<p class=\"wp-block-paragraph\">La grille est con\u00e7ue pour \u00eatre install\u00e9e derri\u00e8re les ouvertures de la calandre inf\u00e9rieure du pare-chocs avant.<\/p>\n\n\n\n<p class=\"wp-block-paragraph\">Afin d&rsquo;acc\u00e9der correctement \u00e0 cette zone et de r\u00e9aliser une installation propre, le d\u00e9montage du pare-chocs avant peut \u00eatre n\u00e9cessaire.<\/p>\n\n\n\n<p class=\"wp-block-paragraph\">Une fois le pare-chocs accessible, la grille peut \u00eatre positionn\u00e9e derri\u00e8re les ouvertures et fix\u00e9e correctement.<\/p>\n\n\n\n<h3 class=\"wp-block-heading\">Aucun changement esth\u00e9tique permanent<\/h3>\n\n\n\n<p class=\"wp-block-paragraph\">La grille se positionne derri\u00e8re les ouvertures existantes du pare-chocs.<\/p>\n\n\n\n<p class=\"wp-block-paragraph\">Elle ne n\u00e9cessite donc pas de modifier la forme ext\u00e9rieure de la BMW et permet de conserver le design d&rsquo;origine du bouclier avant.<\/p>\n\n\n\n<hr class=\"wp-block-separator has-alpha-channel-opacity\"\/>\n\n\n\n<figure class=\"wp-block-image size-large\"><img decoding=\"async\" width=\"1024\" height=\"825\" src=\"https:\/\/macote.fr\/wp-content\/uploads\/2026\/08\/protection-grille-calandre-bmw-m2-g87-noir-1024x825.png\" alt=\"protection-grille-calandre-bmw-m2-g87-noir\" class=\"wp-image-8238\" srcset=\"https:\/\/macote.fr\/wp-content\/uploads\/2026\/08\/protection-grille-calandre-bmw-m2-g87-noir-1024x825.png 1024w, https:\/\/macote.fr\/wp-content\/uploads\/2026\/08\/protection-grille-calandre-bmw-m2-g87-noir-300x242.png 300w, https:\/\/macote.fr\/wp-content\/uploads\/2026\/08\/protection-grille-calandre-bmw-m2-g87-noir-768x619.png 768w, https:\/\/macote.fr\/wp-content\/uploads\/2026\/08\/protection-grille-calandre-bmw-m2-g87-noir-15x12.png 15w, https:\/\/macote.fr\/wp-content\/uploads\/2026\/08\/protection-grille-calandre-bmw-m2-g87-noir-1200x967.png 1200w, https:\/\/macote.fr\/wp-content\/uploads\/2026\/08\/protection-grille-calandre-bmw-m2-g87-noir.png 1397w\" sizes=\"(max-width: 1024px) 100vw, 1024px\" \/><\/figure>\n\n\n\n<h2 class=\"wp-block-heading\">Compatibilit\u00e9 BMW<\/h2>\n\n\n\n<p class=\"wp-block-paragraph\">Cette grille de protection est sp\u00e9cifiquement con\u00e7ue pour :<\/p>\n\n\n\n<h3 class=\"wp-block-heading\">BMW M2<\/h3>\n\n\n\n<ul class=\"wp-block-list\">\n<li><strong>BMW G87 M2<\/strong><\/li>\n<\/ul>\n\n\n\n<p class=\"wp-block-paragraph\">Elle est destin\u00e9e \u00e0 la calandre inf\u00e9rieure du pare-chocs avant.<\/p>\n\n\n\n<hr class=\"wp-block-separator has-alpha-channel-opacity\"\/>\n\n\n\n<h2 class=\"wp-block-heading\">Pourquoi choisir cette grille de protection pour votre BMW G87 M2 ?<\/h2>\n\n\n\n<h3 class=\"wp-block-heading\">\ud83d\udee1\ufe0f Une protection suppl\u00e9mentaire<\/h3>\n\n\n\n<p class=\"wp-block-paragraph\">Limitez le passage des gravillons et petits d\u00e9bris pouvant atteindre les \u00e9l\u00e9ments situ\u00e9s derri\u00e8re la calandre.<\/p>\n\n\n\n<h3 class=\"wp-block-heading\">\ud83c\udf2c\ufe0f Une circulation d&rsquo;air pr\u00e9serv\u00e9e<\/h3>\n\n\n\n<p class=\"wp-block-paragraph\">La maille ajour\u00e9e permet \u00e0 l&rsquo;air de continuer \u00e0 circuler \u00e0 travers la calandre.<\/p>\n\n\n\n<h3 class=\"wp-block-heading\">\u2728 Une finition noir brillant<\/h3>\n\n\n\n<p class=\"wp-block-paragraph\">Une finition sportive qui s&rsquo;int\u00e8gre discr\u00e8tement au design du pare-chocs de la G87 M2.<\/p>\n\n\n\n<h3 class=\"wp-block-heading\">\ud83d\udc4c Une int\u00e9gration discr\u00e8te<\/h3>\n\n\n\n<p class=\"wp-block-paragraph\">Install\u00e9e derri\u00e8re la calandre, la grille reste peu visible depuis l&rsquo;ext\u00e9rieur.<\/p>\n\n\n\n<h3 class=\"wp-block-heading\">\ud83d\udd27 Une modification fonctionnelle<\/h3>\n\n\n\n<p class=\"wp-block-paragraph\">Il ne s&rsquo;agit pas simplement d&rsquo;un \u00e9l\u00e9ment esth\u00e9tique : cette grille r\u00e9pond avant tout \u00e0 un besoin de protection.<\/p>\n\n\n\n<hr class=\"wp-block-separator has-alpha-channel-opacity\"\/>\n\n\n\n<h2 class=\"wp-block-heading\">Une petite modification pour une meilleure protection<\/h2>\n\n\n\n<p class=\"wp-block-paragraph\">La BMW G87 M2 est une voiture performante qui m\u00e9rite une protection \u00e0 la hauteur de ses capacit\u00e9s.<\/p>\n\n\n\n<p class=\"wp-block-paragraph\">La partie inf\u00e9rieure du pare-chocs \u00e9tant particuli\u00e8rement expos\u00e9e aux projections de la route, ajouter une grille derri\u00e8re la calandre constitue une solution simple pour limiter le passage des petits d\u00e9bris.<\/p>\n\n\n\n<p class=\"wp-block-paragraph\">Avec sa finition noir brillant, son int\u00e9gration discr\u00e8te et sa conception ajour\u00e9e, cette grille permet d&rsquo;am\u00e9liorer la protection de votre M2 tout en conservant son apparence sportive.<\/p>\n\n\n\n<p class=\"wp-block-paragraph\">Une protection discr\u00e8te, fonctionnelle et parfaitement adapt\u00e9e \u00e0 l&rsquo;esprit BMW M.<\/p>\n\n\n\n<hr class=\"wp-block-separator has-alpha-channel-opacity\"\/>\n\n\n\n<h2 class=\"wp-block-heading\">Compl\u00e9tez la protection de votre BMW M2<\/h2>\n\n\n\n<p class=\"wp-block-paragraph\">La protection de la calandre n&rsquo;est qu&rsquo;une des solutions permettant de pr\u00e9server les \u00e9l\u00e9ments expos\u00e9s de votre BMW.<\/p>\n\n\n\n<p class=\"wp-block-paragraph\">Pour aller plus loin, d\u00e9couvrez \u00e9galement notre Plaque de Protection du Refroidisseur d&rsquo;Huile BMW G87 M2 \/ G80 G81 M3 \/ G82 G83 M4.<\/p>\n\n\n\n<p class=\"wp-block-paragraph\">Cette plaque vient prot\u00e9ger davantage le refroidisseur d&rsquo;huile contre les gravillons, projections et petits d\u00e9bris provenant de la route.<\/p>\n\n\n\n<p class=\"wp-block-paragraph\">Les deux produits sont donc compl\u00e9mentaires :<\/p>\n\n\n\n<p class=\"wp-block-paragraph\">La grille prot\u00e8ge la zone situ\u00e9e derri\u00e8re la calandre inf\u00e9rieure, tandis que la plaque apporte une protection suppl\u00e9mentaire au refroidisseur d&rsquo;huile.<\/p>\n\n\n\n<div data-block-name=\"woocommerce\/single-product\" data-product-id=\"8130\" data-wp-context=\"woocommerce\/products::{&quot;productId&quot;:8130,&quot;variationId&quot;:null}\" data-wp-interactive=\"woocommerce\/single-product\" class=\"wp-block-woocommerce-single-product woocommerce\">\n<div class=\"wp-block-columns is-layout-flex wp-container-core-columns-is-layout-995f960e wp-block-columns-is-layout-flex\">\n<div class=\"wp-block-column is-layout-flow wp-block-column-is-layout-flow\">\n<div data-block-name=\"woocommerce\/product-gallery\" data-wp-context=\"{&quot;imageData&quot;:[8177,8162,8161,8178,8157,8160,8179,8159],&quot;isDialogOpen&quot;:false,&quot;isDragging&quot;:false,&quot;touchStartX&quot;:0,&quot;touchCurrentX&quot;:0,&quot;productId&quot;:&quot;8130&quot;,&quot;selectedImageId&quot;:8177,&quot;thumbnailsOverflow&quot;:{&quot;top&quot;:false,&quot;bottom&quot;:false,&quot;left&quot;:false,&quot;right&quot;:false},&quot;hideNextPreviousButtons&quot;:false,&quot;isDisabledPrevious&quot;:true,&quot;isDisabledNext&quot;:false,&quot;ariaLabelPrevious&quot;:&quot;Imagen anterior&quot;,&quot;ariaLabelNext&quot;:&quot;Imagen siguiente&quot;}\" data-wp-interactive=\"woocommerce\/product-gallery\" class=\"wp-block-woocommerce-product-gallery wc-block-product-gallery is-layout-flex wp-container-woocommerce-product-gallery-is-layout-69c6caaf wp-block-woocommerce-product-gallery-is-layout-flex\">\t\t\t<div data-block-name=\"woocommerce\/product-gallery-large-image\" class=\"wc-block-product-gallery-large-image wp-block-woocommerce-product-gallery-large-image\">\n\t\t\t\t\t\t\t\t\t\t\t\t\t\t\t<ul\n\t\t\t\tclass=\"wc-block-product-gallery-large-image__container\"\n\t\t\t\tdata-wp-interactive=\"woocommerce\/product-gallery\"\n\t\t\t\tdata-wp-on--keydown=\"actions.onViewerImageKeyDown\"\n\t\t\t\taria-label=\"Galer\u00eda del producto\"\n\t\t\t\ttabindex=\"0\"\n\t\t\t\taria-roledescription=\"carousel\"\n\t\t\t>\n\t\t\t\t\t\t\t\t\t<li\n\t\t\t\t\t\tclass=\"wc-block-product-gallery-large-image__wrapper\"\n\t\t\t\t\t>\n\t\t\t\t\t\t<div data-block-name=\"woocommerce\/product-image\" data-is-descendent-of-single-product-block=\"true\" data-show-product-link=\"false\" data-show-sale-badge=\"false\" class=\"wc-block-components-product-image wc-block-grid__product-image wc-block-components-product-image--aspect-ratio-auto wp-block-woocommerce-product-image\"><img fetchpriority=\"high\" decoding=\"async\" data-wp-on--click=\"actions.openDialog\" data-wp-on--mouseleave=\"actions.resetZoom\" data-wp-on--mousemove=\"actions.startZoom\" data-wp-on--touchend=\"actions.onTouchEnd\" data-wp-on--touchmove=\"actions.onTouchMove\" data-wp-on--touchstart=\"actions.onTouchStart\" data-wp-watch=\"callbacks.toggleImageVisibility\" draggable=\"false\" fetchpriority=\"high\" tabindex=\"-1\" width=\"1000\" height=\"1000\" src=\"https:\/\/macote.fr\/wp-content\/uploads\/2026\/08\/BMW-G87-M2-G80G81-M3-G82G83-M4-2.png\" class=\"attachment-large size-large wc-block-woocommerce-product-gallery-large-image__image wc-block-woocommerce-product-gallery-large-image__image--full-screen-on-click wc-block-woocommerce-product-gallery-large-image__image--hoverZoom\" alt=\"BMW G87 M2 &amp; G80G81 M3 G82G83 M4\" data-testid=\"product-image\" data-image-id=\"8177\" style=\"object-fit:cover;\" loading=\"eager\" srcset=\"https:\/\/macote.fr\/wp-content\/uploads\/2026\/08\/BMW-G87-M2-G80G81-M3-G82G83-M4-2.png 1000w, https:\/\/macote.fr\/wp-content\/uploads\/2026\/08\/BMW-G87-M2-G80G81-M3-G82G83-M4-2-300x300.png 300w, https:\/\/macote.fr\/wp-content\/uploads\/2026\/08\/BMW-G87-M2-G80G81-M3-G82G83-M4-2-150x150.png 150w, https:\/\/macote.fr\/wp-content\/uploads\/2026\/08\/BMW-G87-M2-G80G81-M3-G82G83-M4-2-768x768.png 768w, https:\/\/macote.fr\/wp-content\/uploads\/2026\/08\/BMW-G87-M2-G80G81-M3-G82G83-M4-2-12x12.png 12w, https:\/\/macote.fr\/wp-content\/uploads\/2026\/08\/BMW-G87-M2-G80G81-M3-G82G83-M4-2-200x200.png 200w\" sizes=\"auto, (max-width: 1000px) 100vw, 1000px\" \/><div class=\"wc-block-components-product-image__inner-container\"><\/div><\/div>\t\t\t\t\t<\/li>\n\t\t\t\t\t\t\t\t\t<li\n\t\t\t\t\t\tclass=\"wc-block-product-gallery-large-image__wrapper\"\n\t\t\t\t\t>\n\t\t\t\t\t\t<div data-block-name=\"woocommerce\/product-image\" data-is-descendent-of-single-product-block=\"true\" data-show-product-link=\"false\" data-show-sale-badge=\"false\" class=\"wc-block-components-product-image wc-block-grid__product-image wc-block-components-product-image--aspect-ratio-auto wp-block-woocommerce-product-image\"><img loading=\"lazy\" decoding=\"async\" data-wp-on--click=\"actions.openDialog\" data-wp-on--mouseleave=\"actions.resetZoom\" data-wp-on--mousemove=\"actions.startZoom\" data-wp-on--touchend=\"actions.onTouchEnd\" data-wp-on--touchmove=\"actions.onTouchMove\" data-wp-on--touchstart=\"actions.onTouchStart\" data-wp-watch=\"callbacks.toggleImageVisibility\" draggable=\"false\" fetchpriority=\"low\" tabindex=\"-1\" width=\"1000\" height=\"1000\" src=\"https:\/\/macote.fr\/wp-content\/uploads\/2026\/08\/plaque-protection-refroidisseur-huile-bmw-M2-M3-M4.avif\" class=\"attachment-large size-large wc-block-woocommerce-product-gallery-large-image__image wc-block-woocommerce-product-gallery-large-image__image--full-screen-on-click wc-block-woocommerce-product-gallery-large-image__image--hoverZoom\" alt=\"plaque-protection-refroidisseur-huile-bmw-M2-M3-M4\" data-testid=\"product-image\" data-image-id=\"8162\" style=\"object-fit:cover;\" loading=\"lazy\" srcset=\"https:\/\/macote.fr\/wp-content\/uploads\/2026\/08\/plaque-protection-refroidisseur-huile-bmw-M2-M3-M4.avif 1000w, https:\/\/macote.fr\/wp-content\/uploads\/2026\/08\/plaque-protection-refroidisseur-huile-bmw-M2-M3-M4-300x300.avif 300w, https:\/\/macote.fr\/wp-content\/uploads\/2026\/08\/plaque-protection-refroidisseur-huile-bmw-M2-M3-M4-150x150.avif 150w, https:\/\/macote.fr\/wp-content\/uploads\/2026\/08\/plaque-protection-refroidisseur-huile-bmw-M2-M3-M4-768x768.avif 768w, https:\/\/macote.fr\/wp-content\/uploads\/2026\/08\/plaque-protection-refroidisseur-huile-bmw-M2-M3-M4-12x12.avif 12w, https:\/\/macote.fr\/wp-content\/uploads\/2026\/08\/plaque-protection-refroidisseur-huile-bmw-M2-M3-M4-200x200.avif 200w\" sizes=\"auto, (max-width: 1000px) 100vw, 1000px\" \/><div class=\"wc-block-components-product-image__inner-container\"><\/div><\/div>\t\t\t\t\t<\/li>\n\t\t\t\t\t\t\t\t\t<li\n\t\t\t\t\t\tclass=\"wc-block-product-gallery-large-image__wrapper\"\n\t\t\t\t\t>\n\t\t\t\t\t\t<div data-block-name=\"woocommerce\/product-image\" data-is-descendent-of-single-product-block=\"true\" data-show-product-link=\"false\" data-show-sale-badge=\"false\" class=\"wc-block-components-product-image wc-block-grid__product-image wc-block-components-product-image--aspect-ratio-auto wp-block-woocommerce-product-image\"><img loading=\"lazy\" decoding=\"async\" data-wp-on--click=\"actions.openDialog\" data-wp-on--mouseleave=\"actions.resetZoom\" data-wp-on--mousemove=\"actions.startZoom\" data-wp-on--touchend=\"actions.onTouchEnd\" data-wp-on--touchmove=\"actions.onTouchMove\" data-wp-on--touchstart=\"actions.onTouchStart\" data-wp-watch=\"callbacks.toggleImageVisibility\" draggable=\"false\" fetchpriority=\"low\" tabindex=\"-1\" width=\"1000\" height=\"1000\" src=\"https:\/\/macote.fr\/wp-content\/uploads\/2026\/08\/plaque-protection-refroidisseur-huile-bmw-detail.avif\" class=\"attachment-large size-large wc-block-woocommerce-product-gallery-large-image__image wc-block-woocommerce-product-gallery-large-image__image--full-screen-on-click wc-block-woocommerce-product-gallery-large-image__image--hoverZoom\" alt=\"plaque-protection-refroidisseur-huile-bmw-d\u00e9tail\" data-testid=\"product-image\" data-image-id=\"8161\" style=\"object-fit:cover;\" loading=\"lazy\" srcset=\"https:\/\/macote.fr\/wp-content\/uploads\/2026\/08\/plaque-protection-refroidisseur-huile-bmw-detail.avif 1000w, https:\/\/macote.fr\/wp-content\/uploads\/2026\/08\/plaque-protection-refroidisseur-huile-bmw-detail-300x300.avif 300w, https:\/\/macote.fr\/wp-content\/uploads\/2026\/08\/plaque-protection-refroidisseur-huile-bmw-detail-150x150.avif 150w, https:\/\/macote.fr\/wp-content\/uploads\/2026\/08\/plaque-protection-refroidisseur-huile-bmw-detail-768x768.avif 768w, https:\/\/macote.fr\/wp-content\/uploads\/2026\/08\/plaque-protection-refroidisseur-huile-bmw-detail-12x12.avif 12w, https:\/\/macote.fr\/wp-content\/uploads\/2026\/08\/plaque-protection-refroidisseur-huile-bmw-detail-200x200.avif 200w\" sizes=\"auto, (max-width: 1000px) 100vw, 1000px\" \/><div class=\"wc-block-components-product-image__inner-container\"><\/div><\/div>\t\t\t\t\t<\/li>\n\t\t\t\t\t\t\t\t\t<li\n\t\t\t\t\t\tclass=\"wc-block-product-gallery-large-image__wrapper\"\n\t\t\t\t\t>\n\t\t\t\t\t\t<div data-block-name=\"woocommerce\/product-image\" data-is-descendent-of-single-product-block=\"true\" data-show-product-link=\"false\" data-show-sale-badge=\"false\" class=\"wc-block-components-product-image wc-block-grid__product-image wc-block-components-product-image--aspect-ratio-auto wp-block-woocommerce-product-image\"><img loading=\"lazy\" decoding=\"async\" data-wp-on--click=\"actions.openDialog\" data-wp-on--mouseleave=\"actions.resetZoom\" data-wp-on--mousemove=\"actions.startZoom\" data-wp-on--touchend=\"actions.onTouchEnd\" data-wp-on--touchmove=\"actions.onTouchMove\" data-wp-on--touchstart=\"actions.onTouchStart\" data-wp-watch=\"callbacks.toggleImageVisibility\" draggable=\"false\" fetchpriority=\"low\" tabindex=\"-1\" width=\"1024\" height=\"1024\" src=\"https:\/\/macote.fr\/wp-content\/uploads\/2026\/08\/plaque-protection-refroidisseur-huile-bmw-pieces-1-1024x1024.png\" class=\"attachment-large size-large wc-block-woocommerce-product-gallery-large-image__image wc-block-woocommerce-product-gallery-large-image__image--full-screen-on-click wc-block-woocommerce-product-gallery-large-image__image--hoverZoom\" alt=\"plaque-protection-refroidisseur-huile-bmw-pi\u00e8ces\" data-testid=\"product-image\" data-image-id=\"8178\" style=\"object-fit:cover;\" loading=\"lazy\" srcset=\"https:\/\/macote.fr\/wp-content\/uploads\/2026\/08\/plaque-protection-refroidisseur-huile-bmw-pieces-1-1024x1024.png 1024w, https:\/\/macote.fr\/wp-content\/uploads\/2026\/08\/plaque-protection-refroidisseur-huile-bmw-pieces-1-300x300.png 300w, https:\/\/macote.fr\/wp-content\/uploads\/2026\/08\/plaque-protection-refroidisseur-huile-bmw-pieces-1-150x150.png 150w, https:\/\/macote.fr\/wp-content\/uploads\/2026\/08\/plaque-protection-refroidisseur-huile-bmw-pieces-1-768x768.png 768w, https:\/\/macote.fr\/wp-content\/uploads\/2026\/08\/plaque-protection-refroidisseur-huile-bmw-pieces-1-12x12.png 12w, https:\/\/macote.fr\/wp-content\/uploads\/2026\/08\/plaque-protection-refroidisseur-huile-bmw-pieces-1-1200x1200.png 1200w, https:\/\/macote.fr\/wp-content\/uploads\/2026\/08\/plaque-protection-refroidisseur-huile-bmw-pieces-1-200x200.png 200w, https:\/\/macote.fr\/wp-content\/uploads\/2026\/08\/plaque-protection-refroidisseur-huile-bmw-pieces-1.png 1254w\" sizes=\"auto, (max-width: 1024px) 100vw, 1024px\" \/><div class=\"wc-block-components-product-image__inner-container\"><\/div><\/div>\t\t\t\t\t<\/li>\n\t\t\t\t\t\t\t\t\t<li\n\t\t\t\t\t\tclass=\"wc-block-product-gallery-large-image__wrapper\"\n\t\t\t\t\t>\n\t\t\t\t\t\t<div data-block-name=\"woocommerce\/product-image\" data-is-descendent-of-single-product-block=\"true\" data-show-product-link=\"false\" data-show-sale-badge=\"false\" class=\"wc-block-components-product-image wc-block-grid__product-image wc-block-components-product-image--aspect-ratio-auto wp-block-woocommerce-product-image\"><img loading=\"lazy\" decoding=\"async\" data-wp-on--click=\"actions.openDialog\" data-wp-on--mouseleave=\"actions.resetZoom\" data-wp-on--mousemove=\"actions.startZoom\" data-wp-on--touchend=\"actions.onTouchEnd\" data-wp-on--touchmove=\"actions.onTouchMove\" data-wp-on--touchstart=\"actions.onTouchStart\" data-wp-watch=\"callbacks.toggleImageVisibility\" draggable=\"false\" fetchpriority=\"low\" tabindex=\"-1\" width=\"960\" height=\"960\" src=\"https:\/\/macote.fr\/wp-content\/uploads\/2026\/08\/BMW-G87-M2-G80G81-M3-G82G83-M4.avif\" class=\"attachment-large size-large wc-block-woocommerce-product-gallery-large-image__image wc-block-woocommerce-product-gallery-large-image__image--full-screen-on-click wc-block-woocommerce-product-gallery-large-image__image--hoverZoom\" alt=\"BMW G87 M2 &amp; G80G81 M3 G82G83 M4\" data-testid=\"product-image\" data-image-id=\"8157\" style=\"object-fit:cover;\" loading=\"lazy\" srcset=\"https:\/\/macote.fr\/wp-content\/uploads\/2026\/08\/BMW-G87-M2-G80G81-M3-G82G83-M4.avif 960w, https:\/\/macote.fr\/wp-content\/uploads\/2026\/08\/BMW-G87-M2-G80G81-M3-G82G83-M4-300x300.avif 300w, https:\/\/macote.fr\/wp-content\/uploads\/2026\/08\/BMW-G87-M2-G80G81-M3-G82G83-M4-150x150.avif 150w, https:\/\/macote.fr\/wp-content\/uploads\/2026\/08\/BMW-G87-M2-G80G81-M3-G82G83-M4-768x768.avif 768w, https:\/\/macote.fr\/wp-content\/uploads\/2026\/08\/BMW-G87-M2-G80G81-M3-G82G83-M4-12x12.avif 12w, https:\/\/macote.fr\/wp-content\/uploads\/2026\/08\/BMW-G87-M2-G80G81-M3-G82G83-M4-200x200.avif 200w\" sizes=\"auto, (max-width: 960px) 100vw, 960px\" \/><div class=\"wc-block-components-product-image__inner-container\"><\/div><\/div>\t\t\t\t\t<\/li>\n\t\t\t\t\t\t\t\t\t<li\n\t\t\t\t\t\tclass=\"wc-block-product-gallery-large-image__wrapper\"\n\t\t\t\t\t>\n\t\t\t\t\t\t<div data-block-name=\"woocommerce\/product-image\" data-is-descendent-of-single-product-block=\"true\" data-show-product-link=\"false\" data-show-sale-badge=\"false\" class=\"wc-block-components-product-image wc-block-grid__product-image wc-block-components-product-image--aspect-ratio-auto wp-block-woocommerce-product-image\"><img loading=\"lazy\" decoding=\"async\" data-wp-on--click=\"actions.openDialog\" data-wp-on--mouseleave=\"actions.resetZoom\" data-wp-on--mousemove=\"actions.startZoom\" data-wp-on--touchend=\"actions.onTouchEnd\" data-wp-on--touchmove=\"actions.onTouchMove\" data-wp-on--touchstart=\"actions.onTouchStart\" data-wp-watch=\"callbacks.toggleImageVisibility\" draggable=\"false\" fetchpriority=\"low\" tabindex=\"-1\" width=\"1000\" height=\"1000\" src=\"https:\/\/macote.fr\/wp-content\/uploads\/2026\/08\/plaque-protection-refroidisseur-huile-bmw-Cote.avif\" class=\"attachment-large size-large wc-block-woocommerce-product-gallery-large-image__image wc-block-woocommerce-product-gallery-large-image__image--full-screen-on-click wc-block-woocommerce-product-gallery-large-image__image--hoverZoom\" alt=\"plaque-protection-refroidisseur-huile-bmw-Cote\" data-testid=\"product-image\" data-image-id=\"8160\" style=\"object-fit:cover;\" loading=\"lazy\" srcset=\"https:\/\/macote.fr\/wp-content\/uploads\/2026\/08\/plaque-protection-refroidisseur-huile-bmw-Cote.avif 1000w, https:\/\/macote.fr\/wp-content\/uploads\/2026\/08\/plaque-protection-refroidisseur-huile-bmw-Cote-300x300.avif 300w, https:\/\/macote.fr\/wp-content\/uploads\/2026\/08\/plaque-protection-refroidisseur-huile-bmw-Cote-150x150.avif 150w, https:\/\/macote.fr\/wp-content\/uploads\/2026\/08\/plaque-protection-refroidisseur-huile-bmw-Cote-768x768.avif 768w, https:\/\/macote.fr\/wp-content\/uploads\/2026\/08\/plaque-protection-refroidisseur-huile-bmw-Cote-12x12.avif 12w, https:\/\/macote.fr\/wp-content\/uploads\/2026\/08\/plaque-protection-refroidisseur-huile-bmw-Cote-200x200.avif 200w\" sizes=\"auto, (max-width: 1000px) 100vw, 1000px\" \/><div class=\"wc-block-components-product-image__inner-container\"><\/div><\/div>\t\t\t\t\t<\/li>\n\t\t\t\t\t\t\t\t\t<li\n\t\t\t\t\t\tclass=\"wc-block-product-gallery-large-image__wrapper\"\n\t\t\t\t\t>\n\t\t\t\t\t\t<div data-block-name=\"woocommerce\/product-image\" data-is-descendent-of-single-product-block=\"true\" data-show-product-link=\"false\" data-show-sale-badge=\"false\" class=\"wc-block-components-product-image wc-block-grid__product-image wc-block-components-product-image--aspect-ratio-auto wp-block-woocommerce-product-image\"><img loading=\"lazy\" decoding=\"async\" data-wp-on--click=\"actions.openDialog\" data-wp-on--mouseleave=\"actions.resetZoom\" data-wp-on--mousemove=\"actions.startZoom\" data-wp-on--touchend=\"actions.onTouchEnd\" data-wp-on--touchmove=\"actions.onTouchMove\" data-wp-on--touchstart=\"actions.onTouchStart\" data-wp-watch=\"callbacks.toggleImageVisibility\" draggable=\"false\" fetchpriority=\"low\" tabindex=\"-1\" width=\"1024\" height=\"682\" src=\"https:\/\/macote.fr\/wp-content\/uploads\/2026\/08\/plaque-protection-refroidisseur-huile-bmw-vue-1024x682.png\" class=\"attachment-large size-large wc-block-woocommerce-product-gallery-large-image__image wc-block-woocommerce-product-gallery-large-image__image--full-screen-on-click wc-block-woocommerce-product-gallery-large-image__image--hoverZoom\" alt=\"plaque-protection-refroidisseur-huile-bmw-vue\" data-testid=\"product-image\" data-image-id=\"8179\" style=\"object-fit:cover;\" loading=\"lazy\" srcset=\"https:\/\/macote.fr\/wp-content\/uploads\/2026\/08\/plaque-protection-refroidisseur-huile-bmw-vue-1024x682.png 1024w, https:\/\/macote.fr\/wp-content\/uploads\/2026\/08\/plaque-protection-refroidisseur-huile-bmw-vue-300x200.png 300w, https:\/\/macote.fr\/wp-content\/uploads\/2026\/08\/plaque-protection-refroidisseur-huile-bmw-vue-768x511.png 768w, https:\/\/macote.fr\/wp-content\/uploads\/2026\/08\/plaque-protection-refroidisseur-huile-bmw-vue-18x12.png 18w, https:\/\/macote.fr\/wp-content\/uploads\/2026\/08\/plaque-protection-refroidisseur-huile-bmw-vue-1200x799.png 1200w, https:\/\/macote.fr\/wp-content\/uploads\/2026\/08\/plaque-protection-refroidisseur-huile-bmw-vue.png 1537w\" sizes=\"auto, (max-width: 1024px) 100vw, 1024px\" \/><div class=\"wc-block-components-product-image__inner-container\"><\/div><\/div>\t\t\t\t\t<\/li>\n\t\t\t\t\t\t\t\t\t<li\n\t\t\t\t\t\tclass=\"wc-block-product-gallery-large-image__wrapper\"\n\t\t\t\t\t>\n\t\t\t\t\t\t<div data-block-name=\"woocommerce\/product-image\" data-is-descendent-of-single-product-block=\"true\" data-show-product-link=\"false\" data-show-sale-badge=\"false\" class=\"wc-block-components-product-image wc-block-grid__product-image wc-block-components-product-image--aspect-ratio-auto wp-block-woocommerce-product-image\"><img loading=\"lazy\" decoding=\"async\" data-wp-on--click=\"actions.openDialog\" data-wp-on--mouseleave=\"actions.resetZoom\" data-wp-on--mousemove=\"actions.startZoom\" data-wp-on--touchend=\"actions.onTouchEnd\" data-wp-on--touchmove=\"actions.onTouchMove\" data-wp-on--touchstart=\"actions.onTouchStart\" data-wp-watch=\"callbacks.toggleImageVisibility\" draggable=\"false\" fetchpriority=\"low\" tabindex=\"-1\" width=\"1024\" height=\"1024\" src=\"https:\/\/macote.fr\/wp-content\/uploads\/2026\/08\/plaque-protection-refroidisseur-huile-BMW-G87-M2-G80G81-M3-G82G83-M4-1024x1024.png\" class=\"attachment-large size-large wc-block-woocommerce-product-gallery-large-image__image wc-block-woocommerce-product-gallery-large-image__image--full-screen-on-click wc-block-woocommerce-product-gallery-large-image__image--hoverZoom\" alt=\"plaque-protection-refroidisseur-huile-BMW G87 M2 &amp; G80G81 M3 G82G83 M4\" data-testid=\"product-image\" data-image-id=\"8159\" style=\"object-fit:cover;\" loading=\"lazy\" srcset=\"https:\/\/macote.fr\/wp-content\/uploads\/2026\/08\/plaque-protection-refroidisseur-huile-BMW-G87-M2-G80G81-M3-G82G83-M4-1024x1024.png 1024w, https:\/\/macote.fr\/wp-content\/uploads\/2026\/08\/plaque-protection-refroidisseur-huile-BMW-G87-M2-G80G81-M3-G82G83-M4-300x300.png 300w, https:\/\/macote.fr\/wp-content\/uploads\/2026\/08\/plaque-protection-refroidisseur-huile-BMW-G87-M2-G80G81-M3-G82G83-M4-150x150.png 150w, https:\/\/macote.fr\/wp-content\/uploads\/2026\/08\/plaque-protection-refroidisseur-huile-BMW-G87-M2-G80G81-M3-G82G83-M4-768x768.png 768w, https:\/\/macote.fr\/wp-content\/uploads\/2026\/08\/plaque-protection-refroidisseur-huile-BMW-G87-M2-G80G81-M3-G82G83-M4-12x12.png 12w, https:\/\/macote.fr\/wp-content\/uploads\/2026\/08\/plaque-protection-refroidisseur-huile-BMW-G87-M2-G80G81-M3-G82G83-M4-1200x1200.png 1200w, https:\/\/macote.fr\/wp-content\/uploads\/2026\/08\/plaque-protection-refroidisseur-huile-BMW-G87-M2-G80G81-M3-G82G83-M4-200x200.png 200w, https:\/\/macote.fr\/wp-content\/uploads\/2026\/08\/plaque-protection-refroidisseur-huile-BMW-G87-M2-G80G81-M3-G82G83-M4.png 1254w\" sizes=\"auto, (max-width: 1024px) 100vw, 1024px\" \/><div class=\"wc-block-components-product-image__inner-container\"><\/div><\/div>\t\t\t\t\t<\/li>\n\t\t\t\t\t\t\t<\/ul>\n\t\t\t\t\t\t<div class=\"wc-block-product-gallery-large-image__inner-blocks\">\n\t\t\t\t\t\t\t\t\t\t\t<div data-block-name=\"woocommerce\/product-gallery-large-image-next-previous\"\n\t\t\tclass=\"wc-block-next-previous-buttons is-layout-flex wp-container-woocommerce-product-gallery-large-image-next-previous-is-layout-70719bd6 wp-block-woocommerce-product-gallery-large-image-next-previous-is-layout-flex\"\n\t\t\tdata-wp-interactive=\"woocommerce\/product-gallery\"\n\t\t\tdata-wp-bind--hidden=\"context.hideNextPreviousButtons\"\n\t\t>\n\t\t\t<button aria-disabled=\"true\" aria-label=\"Imagen anterior\"\n\t\t\t\tclass=\"wc-block-next-previous-buttons__button \"\n\t\t\t\tstyle=\"\"\n\t\t\t\tdata-wp-on--click=\"actions.onClickPrevious\"\n\t\t\t\tdata-wp-on--keydown=\"actions.onKeyDownPrevious\"\n\t\t\t\tdata-wp-bind--aria-disabled=\"context.isDisabledPrevious\"\n\t\t\t\tdata-wp-bind--aria-label=\"context.ariaLabelPrevious\"\n\t\t\t>\n\t\t\t\t<svg\n\t\t\t\t\tclass=\"wc-block-next-previous-buttons__icon wc-block-next-previous-buttons__icon--left\"\n\t\t\t\t\txmlns=\"http:\/\/www.w3.org\/2000\/svg\"\n\t\t\t\t\twidth=\"8\"\n\t\t\t\t\theight=\"12\"\n\t\t\t\t\tfill=\"none\"\n\t\t\t\t>\n\t\t\t\t\t<path\n\t\t\t\t\t\tfill=\"currentColor\"\n\t\t\t\t\t\tfillRule=\"evenodd\"\n\t\t\t\t\t\td=\"M6.445 12.005.986 6 6.445-.005l1.11 1.01L3.014 6l4.54 4.995-1.109 1.01Z\"\n\t\t\t\t\t\tclipRule=\"evenodd\"\n\t\t\t\t\t\/>\n\t\t\t\t<\/svg>\n\t\t\t<\/button>\n\t\t\t<button aria-disabled=\"false\" aria-label=\"Imagen siguiente\"\n\t\t\t\tclass=\"wc-block-next-previous-buttons__button \"\n\t\t\t\tstyle=\"\"\n\t\t\t\tdata-wp-on--click=\"actions.onClickNext\"\n\t\t\t\tdata-wp-on--keydown=\"actions.onKeyDownNext\"\n\t\t\t\tdata-wp-bind--aria-disabled=\"context.isDisabledNext\"\n\t\t\t\tdata-wp-bind--aria-label=\"context.ariaLabelNext\"\n\t\t\t>\n\t\t\t\t<svg\n\t\t\t\t\tclass=\"wc-block-next-previous-buttons__icon wc-block-next-previous-buttons__icon--right\"\n\t\t\t\t\txmlns=\"http:\/\/www.w3.org\/2000\/svg\"\n\t\t\t\t\twidth=\"8\"\n\t\t\t\t\theight=\"12\"\n\t\t\t\t\tfill=\"none\"\n\t\t\t\t>\n\t\t\t\t\t<path\n\t\t\t\t\t\tfill=\"currentColor\"\n\t\t\t\t\t\tfillRule=\"evenodd\"\n\t\t\t\t\t\td=\"M1.555-.004 7.014 6l-5.459 6.005-1.11-1.01L4.986 6 .446 1.005l1.109-1.01Z\"\n\t\t\t\t\t\tclipRule=\"evenodd\"\n\t\t\t\t\t\/>\n\t\t\t\t<\/svg>\n\t\t\t<\/button>\n\t\t<\/div>\n\t\t\t\t\t\t<\/div>\n\t\t\t<\/div>\n\t\t\t\t\t<dialog inert\n\t\t\t\tdata-wp-bind--open=\"context.isDialogOpen\"\n\t\t\t\tdata-wp-bind--inert=\"!context.isDialogOpen\"\n\t\t\t\tdata-wp-on--close=\"actions.closeDialog\"\n\t\t\t\tdata-wp-on--keydown=\"actions.onDialogKeyDown\"\n\t\t\t\tdata-wp-watch=\"callbacks.dialogStateChange\"\n\t\t\t\tclass=\"wc-block-product-gallery-dialog\"\n\t\t\t\trole=\"dialog\"\n\t\t\t\taria-modal=\"true\"\n\t\t\t\taria-label=\"Product Gallery\">\n\t\t\t\t<div class=\"wc-block-product-gallery-dialog__header\">\n\t\t\t\t\t<button class=\"wc-block-product-gallery-dialog__close-button\" data-wp-on--click=\"actions.closeDialog\" aria-label=\"Cerrar ventana\">\n\t\t\t\t\t\t<svg xmlns=\"http:\/\/www.w3.org\/2000\/svg\" viewBox=\"0 0 24 24\" width=\"24\" height=\"24\" aria-hidden=\"true\" focusable=\"false\">\n\t\t\t\t\t\t\t<path d=\"M13 11.8l6.1-6.3-1-1-6.1 6.2-6.1-6.2-1 1 6.1 6.3-6.5 6.7 1 1 6.5-6.6 6.5 6.6 1-1z\"><\/path>\n\t\t\t\t\t\t<\/svg>\n\t\t\t\t\t<\/button>\n\t\t\t\t<\/div>\n\t\t\t\t<div class=\"wc-block-product-gallery-dialog__content\">\n\t\t\t\t\t\t\t\t\t\t\t\t<img data-image-id='8177' data-wp-watch='callbacks.toggleImageVisibility' src='https:\/\/macote.fr\/wp-content\/uploads\/2026\/08\/BMW-G87-M2-G80G81-M3-G82G83-M4-2.png' srcset='https:\/\/macote.fr\/wp-content\/uploads\/2026\/08\/BMW-G87-M2-G80G81-M3-G82G83-M4-2.png 1000w, https:\/\/macote.fr\/wp-content\/uploads\/2026\/08\/BMW-G87-M2-G80G81-M3-G82G83-M4-2-300x300.png 300w, https:\/\/macote.fr\/wp-content\/uploads\/2026\/08\/BMW-G87-M2-G80G81-M3-G82G83-M4-2-150x150.png 150w, https:\/\/macote.fr\/wp-content\/uploads\/2026\/08\/BMW-G87-M2-G80G81-M3-G82G83-M4-2-768x768.png 768w, https:\/\/macote.fr\/wp-content\/uploads\/2026\/08\/BMW-G87-M2-G80G81-M3-G82G83-M4-2-12x12.png 12w, https:\/\/macote.fr\/wp-content\/uploads\/2026\/08\/BMW-G87-M2-G80G81-M3-G82G83-M4-2-200x200.png 200w' sizes='(max-width: 1000px) 100vw, 1000px' decoding='async' alt='BMW G87 M2 &amp; G80G81 M3 G82G83 M4' \/><img data-image-id='8162' data-wp-watch='callbacks.toggleImageVisibility' src='https:\/\/macote.fr\/wp-content\/uploads\/2026\/08\/plaque-protection-refroidisseur-huile-bmw-M2-M3-M4.avif' srcset='https:\/\/macote.fr\/wp-content\/uploads\/2026\/08\/plaque-protection-refroidisseur-huile-bmw-M2-M3-M4.avif 1000w, https:\/\/macote.fr\/wp-content\/uploads\/2026\/08\/plaque-protection-refroidisseur-huile-bmw-M2-M3-M4-300x300.avif 300w, https:\/\/macote.fr\/wp-content\/uploads\/2026\/08\/plaque-protection-refroidisseur-huile-bmw-M2-M3-M4-150x150.avif 150w, https:\/\/macote.fr\/wp-content\/uploads\/2026\/08\/plaque-protection-refroidisseur-huile-bmw-M2-M3-M4-768x768.avif 768w, https:\/\/macote.fr\/wp-content\/uploads\/2026\/08\/plaque-protection-refroidisseur-huile-bmw-M2-M3-M4-12x12.avif 12w, https:\/\/macote.fr\/wp-content\/uploads\/2026\/08\/plaque-protection-refroidisseur-huile-bmw-M2-M3-M4-200x200.avif 200w' sizes='(max-width: 1000px) 100vw, 1000px' decoding='async' alt='plaque-protection-refroidisseur-huile-bmw-M2-M3-M4' \/><img data-image-id='8161' data-wp-watch='callbacks.toggleImageVisibility' src='https:\/\/macote.fr\/wp-content\/uploads\/2026\/08\/plaque-protection-refroidisseur-huile-bmw-detail.avif' srcset='https:\/\/macote.fr\/wp-content\/uploads\/2026\/08\/plaque-protection-refroidisseur-huile-bmw-detail.avif 1000w, https:\/\/macote.fr\/wp-content\/uploads\/2026\/08\/plaque-protection-refroidisseur-huile-bmw-detail-300x300.avif 300w, https:\/\/macote.fr\/wp-content\/uploads\/2026\/08\/plaque-protection-refroidisseur-huile-bmw-detail-150x150.avif 150w, https:\/\/macote.fr\/wp-content\/uploads\/2026\/08\/plaque-protection-refroidisseur-huile-bmw-detail-768x768.avif 768w, https:\/\/macote.fr\/wp-content\/uploads\/2026\/08\/plaque-protection-refroidisseur-huile-bmw-detail-12x12.avif 12w, https:\/\/macote.fr\/wp-content\/uploads\/2026\/08\/plaque-protection-refroidisseur-huile-bmw-detail-200x200.avif 200w' sizes='(max-width: 1000px) 100vw, 1000px' decoding='async' alt='plaque-protection-refroidisseur-huile-bmw-d\u00e9tail' \/><img data-image-id='8178' data-wp-watch='callbacks.toggleImageVisibility' src='https:\/\/macote.fr\/wp-content\/uploads\/2026\/08\/plaque-protection-refroidisseur-huile-bmw-pieces-1.png' srcset='https:\/\/macote.fr\/wp-content\/uploads\/2026\/08\/plaque-protection-refroidisseur-huile-bmw-pieces-1.png 1254w, https:\/\/macote.fr\/wp-content\/uploads\/2026\/08\/plaque-protection-refroidisseur-huile-bmw-pieces-1-300x300.png 300w, https:\/\/macote.fr\/wp-content\/uploads\/2026\/08\/plaque-protection-refroidisseur-huile-bmw-pieces-1-1024x1024.png 1024w, https:\/\/macote.fr\/wp-content\/uploads\/2026\/08\/plaque-protection-refroidisseur-huile-bmw-pieces-1-150x150.png 150w, https:\/\/macote.fr\/wp-content\/uploads\/2026\/08\/plaque-protection-refroidisseur-huile-bmw-pieces-1-768x768.png 768w, https:\/\/macote.fr\/wp-content\/uploads\/2026\/08\/plaque-protection-refroidisseur-huile-bmw-pieces-1-12x12.png 12w, https:\/\/macote.fr\/wp-content\/uploads\/2026\/08\/plaque-protection-refroidisseur-huile-bmw-pieces-1-1200x1200.png 1200w, https:\/\/macote.fr\/wp-content\/uploads\/2026\/08\/plaque-protection-refroidisseur-huile-bmw-pieces-1-200x200.png 200w' sizes='(max-width: 1254px) 100vw, 1254px' decoding='async' alt='plaque-protection-refroidisseur-huile-bmw-pi\u00e8ces' \/><img data-image-id='8157' data-wp-watch='callbacks.toggleImageVisibility' src='https:\/\/macote.fr\/wp-content\/uploads\/2026\/08\/BMW-G87-M2-G80G81-M3-G82G83-M4.avif' srcset='https:\/\/macote.fr\/wp-content\/uploads\/2026\/08\/BMW-G87-M2-G80G81-M3-G82G83-M4.avif 960w, https:\/\/macote.fr\/wp-content\/uploads\/2026\/08\/BMW-G87-M2-G80G81-M3-G82G83-M4-300x300.avif 300w, https:\/\/macote.fr\/wp-content\/uploads\/2026\/08\/BMW-G87-M2-G80G81-M3-G82G83-M4-150x150.avif 150w, https:\/\/macote.fr\/wp-content\/uploads\/2026\/08\/BMW-G87-M2-G80G81-M3-G82G83-M4-768x768.avif 768w, https:\/\/macote.fr\/wp-content\/uploads\/2026\/08\/BMW-G87-M2-G80G81-M3-G82G83-M4-12x12.avif 12w, https:\/\/macote.fr\/wp-content\/uploads\/2026\/08\/BMW-G87-M2-G80G81-M3-G82G83-M4-200x200.avif 200w' sizes='(max-width: 960px) 100vw, 960px' decoding='async' alt='BMW G87 M2 &amp; G80G81 M3 G82G83 M4' \/><img data-image-id='8160' data-wp-watch='callbacks.toggleImageVisibility' src='https:\/\/macote.fr\/wp-content\/uploads\/2026\/08\/plaque-protection-refroidisseur-huile-bmw-Cote.avif' srcset='https:\/\/macote.fr\/wp-content\/uploads\/2026\/08\/plaque-protection-refroidisseur-huile-bmw-Cote.avif 1000w, https:\/\/macote.fr\/wp-content\/uploads\/2026\/08\/plaque-protection-refroidisseur-huile-bmw-Cote-300x300.avif 300w, https:\/\/macote.fr\/wp-content\/uploads\/2026\/08\/plaque-protection-refroidisseur-huile-bmw-Cote-150x150.avif 150w, https:\/\/macote.fr\/wp-content\/uploads\/2026\/08\/plaque-protection-refroidisseur-huile-bmw-Cote-768x768.avif 768w, https:\/\/macote.fr\/wp-content\/uploads\/2026\/08\/plaque-protection-refroidisseur-huile-bmw-Cote-12x12.avif 12w, https:\/\/macote.fr\/wp-content\/uploads\/2026\/08\/plaque-protection-refroidisseur-huile-bmw-Cote-200x200.avif 200w' sizes='(max-width: 1000px) 100vw, 1000px' decoding='async' alt='plaque-protection-refroidisseur-huile-bmw-Cote' \/><img data-image-id='8179' data-wp-watch='callbacks.toggleImageVisibility' src='https:\/\/macote.fr\/wp-content\/uploads\/2026\/08\/plaque-protection-refroidisseur-huile-bmw-vue.png' srcset='https:\/\/macote.fr\/wp-content\/uploads\/2026\/08\/plaque-protection-refroidisseur-huile-bmw-vue.png 1537w, https:\/\/macote.fr\/wp-content\/uploads\/2026\/08\/plaque-protection-refroidisseur-huile-bmw-vue-300x200.png 300w, https:\/\/macote.fr\/wp-content\/uploads\/2026\/08\/plaque-protection-refroidisseur-huile-bmw-vue-1024x682.png 1024w, https:\/\/macote.fr\/wp-content\/uploads\/2026\/08\/plaque-protection-refroidisseur-huile-bmw-vue-768x511.png 768w, https:\/\/macote.fr\/wp-content\/uploads\/2026\/08\/plaque-protection-refroidisseur-huile-bmw-vue-18x12.png 18w, https:\/\/macote.fr\/wp-content\/uploads\/2026\/08\/plaque-protection-refroidisseur-huile-bmw-vue-1200x799.png 1200w' sizes='(max-width: 1537px) 100vw, 1537px' decoding='async' alt='plaque-protection-refroidisseur-huile-bmw-vue' \/><img data-image-id='8159' data-wp-watch='callbacks.toggleImageVisibility' src='https:\/\/macote.fr\/wp-content\/uploads\/2026\/08\/plaque-protection-refroidisseur-huile-BMW-G87-M2-G80G81-M3-G82G83-M4.png' srcset='https:\/\/macote.fr\/wp-content\/uploads\/2026\/08\/plaque-protection-refroidisseur-huile-BMW-G87-M2-G80G81-M3-G82G83-M4.png 1254w, https:\/\/macote.fr\/wp-content\/uploads\/2026\/08\/plaque-protection-refroidisseur-huile-BMW-G87-M2-G80G81-M3-G82G83-M4-300x300.png 300w, https:\/\/macote.fr\/wp-content\/uploads\/2026\/08\/plaque-protection-refroidisseur-huile-BMW-G87-M2-G80G81-M3-G82G83-M4-1024x1024.png 1024w, https:\/\/macote.fr\/wp-content\/uploads\/2026\/08\/plaque-protection-refroidisseur-huile-BMW-G87-M2-G80G81-M3-G82G83-M4-150x150.png 150w, https:\/\/macote.fr\/wp-content\/uploads\/2026\/08\/plaque-protection-refroidisseur-huile-BMW-G87-M2-G80G81-M3-G82G83-M4-768x768.png 768w, https:\/\/macote.fr\/wp-content\/uploads\/2026\/08\/plaque-protection-refroidisseur-huile-BMW-G87-M2-G80G81-M3-G82G83-M4-12x12.png 12w, https:\/\/macote.fr\/wp-content\/uploads\/2026\/08\/plaque-protection-refroidisseur-huile-BMW-G87-M2-G80G81-M3-G82G83-M4-1200x1200.png 1200w, https:\/\/macote.fr\/wp-content\/uploads\/2026\/08\/plaque-protection-refroidisseur-huile-BMW-G87-M2-G80G81-M3-G82G83-M4-200x200.png 200w' sizes='(max-width: 1254px) 100vw, 1254px' decoding='async' alt='plaque-protection-refroidisseur-huile-BMW G87 M2 &amp; G80G81 M3 G82G83 M4' \/>\t\t\t\t<\/div>\n\t\t\t<\/dialog>\n\t\t<\/div>\n<\/div>\n\n\n\n<div class=\"wp-block-column is-layout-flow wp-block-column-is-layout-flow\"><h2 class=\"wp-block-post-title\"><a href=\"https:\/\/macote.fr\/es\/producto\/placa-protectora-del-radiador-de-aceite-para-bmw-g87-m2-g80-g81-m3-g82-g83-y-m4\/\" target=\"_self\" >Plaque de Protection Aluminium du Refroidisseur d&rsquo;Huile &#8211; BMW M2 G87 &#038; M3 G80, G81 &#038; M4 G82, G83<\/a><\/h2>\n\n<div data-block-name=\"woocommerce\/product-price\" data-is-descendent-of-single-product-block=\"true\" class=\"wp-block-woocommerce-product-price\" ><div class=\"wc-block-components-product-price wc-block-grid__product-price\" >\n\t\t\t\t\t<span class=\"woocommerce-Price-amount amount\"><bdi>249,99&nbsp;<span class=\"woocommerce-Price-currencySymbol\" translate=\"no\">&euro;<\/span><\/bdi><\/span>\n\t\t\t\t<\/div><\/div>\n\n<div data-block-name=\"woocommerce\/add-to-cart-form\" class=\"wp-block-add-to-cart-form wc-block-add-to-cart-form wc-block-add-to-cart-form--input wp-block-woocommerce-add-to-cart-form\" >\n\t\n\t<form class=\"cart\" action=\"https:\/\/macote.fr\/es\/producto\/placa-protectora-del-radiador-de-aceite-para-bmw-g87-m2-g80-g81-m3-g82-g83-y-m4\/\" method=\"post\" enctype='multipart\/form-data'>\n\t\t\n\t\t<div class=\"quantity\" data-type=\"type-2\">\n\t\t<label class=\"screen-reader-text\" for=\"quantity_6a97c235b12fd\">Plaque de Protection Aluminium du Refroidisseur d&#039;Huile &#8211; BMW M2 G87 &amp; M3 G80, G81 &amp; M4 G82, G83 cantidad<\/label>\n\t<input\n\t\ttype=\"number\"\n\t\t\t\tid=\"quantity_6a97c235b12fd\"\n\t\tclass=\"input-text qty text\"\n\t\tname=\"quantity\"\n\t\tvalue=\"1\"\n\t\taria-label=\"Cantidad de productos\"\n\t\t\t\tmin=\"1\"\n\t\t\t\t\t\t\tstep=\"1\"\n\t\t\tplaceholder=\"\"\n\t\t\tinputmode=\"numeric\"\n\t\t\tautocomplete=\"off\"\n\t\t\t\/>\n\t<\/div>\n\n\t\t<button type=\"submit\" name=\"add-to-cart\" value=\"8130\" class=\"single_add_to_cart_button button alt\">A\u00f1adir al carrito<\/button>\n\n\t\t\t<\/form>\n\n\t\n<\/div>\n\n\n<div data-block-name=\"woocommerce\/product-meta\" class=\"wp-block-woocommerce-product-meta\">\n<div class=\"wp-block-group is-nowrap is-layout-flex wp-container-core-group-is-layout-995f960e wp-block-group-is-layout-flex\"><\/div>\n<\/div>\n<\/div>\n<\/div>\n<\/div>\n","protected":false},"excerpt":{"rendered":"<p>Temps de lecture : 5 min Prot\u00e9gez efficacement la calandre inf\u00e9rieure de votre BMW G87 M2 Sur une BMW G87 M2, la partie inf\u00e9rieure du pare-chocs avant est directement expos\u00e9e aux projections de la route. Gravillons, petits d\u00e9bris, morceaux de plastique, insectes ou autres \u00e9l\u00e9ments pr\u00e9sents sur la chauss\u00e9e peuvent facilement passer \u00e0 travers les [&hellip;]<\/p>\n","protected":false},"author":630,"featured_media":8233,"comment_status":"open","ping_status":"open","sticky":false,"template":"","format":"standard","meta":{"_eb_attr":"","footnotes":"","_members_access_role":[],"_members_access_error":""},"categories":[289],"tags":[],"class_list":["post-8168","post","type-post","status-publish","format-standard","has-post-thumbnail","hentry","category-oem"],"blocksy_meta":{"styles_descriptor":{"styles":{"desktop":"","tablet":"","mobile":""},"google_fonts":[],"version":7}},"yoast_head":"<!-- This site is optimized with the Yoast SEO Premium plugin v20.7 (Yoast SEO v28.4) - https:\/\/yoast.com\/product\/yoast-seo-premium-wordpress\/ -->\n<title>Grille de Protection de Calandre Inf\u00e9rieure BMW G87 M2 \u2013 Noir Brillant - MaCote.fr<\/title>\n<meta name=\"robots\" content=\"index, follow, max-snippet:-1, max-image-preview:large, max-video-preview:-1\" \/>\n<link rel=\"canonical\" href=\"https:\/\/macote.fr\/es\/rejilla-protectora-inferior-de-la-parrilla-del-bmw-g87-m2-en-negro-brillante\/\" \/>\n<meta property=\"og:locale\" content=\"es_ES\" \/>\n<meta property=\"og:type\" content=\"article\" \/>\n<meta property=\"og:title\" content=\"Grille de Protection de Calandre Inf\u00e9rieure BMW G87 M2 \u2013 Noir Brillant\" \/>\n<meta property=\"og:description\" content=\"Temps de lecture : 5 min Prot\u00e9gez efficacement la calandre inf\u00e9rieure de votre BMW G87 M2 Sur une BMW G87 M2, la partie inf\u00e9rieure du pare-chocs avant est directement expos\u00e9e aux projections de la route. Gravillons, petits d\u00e9bris, morceaux de plastique, insectes ou autres \u00e9l\u00e9ments pr\u00e9sents sur la chauss\u00e9e peuvent facilement passer \u00e0 travers les [&hellip;]\" \/>\n<meta property=\"og:url\" content=\"https:\/\/macote.fr\/es\/rejilla-protectora-inferior-de-la-parrilla-del-bmw-g87-m2-en-negro-brillante\/\" \/>\n<meta property=\"og:site_name\" content=\"MaCote.fr\" \/>\n<meta property=\"article:publisher\" content=\"https:\/\/www.facebook.com\/profile.php?id=100091476586119\" \/>\n<meta property=\"article:published_time\" content=\"2026-08-31T14:09:22+00:00\" \/>\n<meta property=\"article:modified_time\" content=\"2026-08-31T14:44:05+00:00\" \/>\n<meta property=\"og:image\" content=\"https:\/\/macote.fr\/wp-content\/uploads\/2026\/08\/grille-inferieure-protection-pare-chocs-m2-g87-1024x800.png\" \/>\n\t<meta property=\"og:image:width\" content=\"1024\" \/>\n\t<meta property=\"og:image:height\" content=\"800\" \/>\n\t<meta property=\"og:image:type\" content=\"image\/png\" \/>\n<meta name=\"author\" content=\"Theo Dizos\" \/>\n<meta name=\"twitter:card\" content=\"summary_large_image\" \/>\n<meta name=\"twitter:label1\" content=\"Escrito por\" \/>\n\t<meta name=\"twitter:data1\" content=\"Theo Dizos\" \/>\n\t<meta name=\"twitter:label2\" content=\"Tiempo de lectura\" \/>\n\t<meta name=\"twitter:data2\" content=\"7 minutos\" \/>\n<script type=\"application\/ld+json\" class=\"yoast-schema-graph\">{\"@context\":\"https:\\\/\\\/schema.org\",\"@graph\":[{\"@type\":\"Article\",\"@id\":\"https:\\\/\\\/macote.fr\\\/grille-de-protection-de-calandre-inferieure-bmw-g87-m2-noir-brillant\\\/#article\",\"isPartOf\":{\"@id\":\"https:\\\/\\\/macote.fr\\\/grille-de-protection-de-calandre-inferieure-bmw-g87-m2-noir-brillant\\\/\"},\"author\":{\"name\":\"Theo Dizos\",\"@id\":\"https:\\\/\\\/macote.fr\\\/#\\\/schema\\\/person\\\/4050f5e7d1741aa3e67710fa41dede67\"},\"headline\":\"Grille de Protection de Calandre Inf\u00e9rieure BMW G87 M2 \u2013 Noir Brillant\",\"datePublished\":\"2026-08-31T14:09:22+00:00\",\"dateModified\":\"2026-08-31T14:44:05+00:00\",\"mainEntityOfPage\":{\"@id\":\"https:\\\/\\\/macote.fr\\\/grille-de-protection-de-calandre-inferieure-bmw-g87-m2-noir-brillant\\\/\"},\"wordCount\":1310,\"commentCount\":0,\"publisher\":{\"@id\":\"https:\\\/\\\/macote.fr\\\/#organization\"},\"image\":{\"@id\":\"https:\\\/\\\/macote.fr\\\/grille-de-protection-de-calandre-inferieure-bmw-g87-m2-noir-brillant\\\/#primaryimage\"},\"thumbnailUrl\":\"https:\\\/\\\/macote.fr\\\/wp-content\\\/uploads\\\/2026\\\/08\\\/grille-inferieure-protection-pare-chocs-m2-g87.png\",\"articleSection\":[\"OEM +\"],\"inLanguage\":\"es\",\"potentialAction\":[{\"@type\":\"CommentAction\",\"name\":\"Comment\",\"target\":[\"https:\\\/\\\/macote.fr\\\/grille-de-protection-de-calandre-inferieure-bmw-g87-m2-noir-brillant\\\/#respond\"]}]},{\"@type\":\"WebPage\",\"@id\":\"https:\\\/\\\/macote.fr\\\/grille-de-protection-de-calandre-inferieure-bmw-g87-m2-noir-brillant\\\/\",\"url\":\"https:\\\/\\\/macote.fr\\\/grille-de-protection-de-calandre-inferieure-bmw-g87-m2-noir-brillant\\\/\",\"name\":\"Grille de Protection de Calandre Inf\u00e9rieure BMW G87 M2 \u2013 Noir Brillant - MaCote.fr\",\"isPartOf\":{\"@id\":\"https:\\\/\\\/macote.fr\\\/#website\"},\"primaryImageOfPage\":{\"@id\":\"https:\\\/\\\/macote.fr\\\/grille-de-protection-de-calandre-inferieure-bmw-g87-m2-noir-brillant\\\/#primaryimage\"},\"image\":{\"@id\":\"https:\\\/\\\/macote.fr\\\/grille-de-protection-de-calandre-inferieure-bmw-g87-m2-noir-brillant\\\/#primaryimage\"},\"thumbnailUrl\":\"https:\\\/\\\/macote.fr\\\/wp-content\\\/uploads\\\/2026\\\/08\\\/grille-inferieure-protection-pare-chocs-m2-g87.png\",\"datePublished\":\"2026-08-31T14:09:22+00:00\",\"dateModified\":\"2026-08-31T14:44:05+00:00\",\"breadcrumb\":{\"@id\":\"https:\\\/\\\/macote.fr\\\/grille-de-protection-de-calandre-inferieure-bmw-g87-m2-noir-brillant\\\/#breadcrumb\"},\"inLanguage\":\"es\",\"potentialAction\":[{\"@type\":\"ReadAction\",\"target\":[\"https:\\\/\\\/macote.fr\\\/grille-de-protection-de-calandre-inferieure-bmw-g87-m2-noir-brillant\\\/\"]}]},{\"@type\":\"ImageObject\",\"inLanguage\":\"es\",\"@id\":\"https:\\\/\\\/macote.fr\\\/grille-de-protection-de-calandre-inferieure-bmw-g87-m2-noir-brillant\\\/#primaryimage\",\"url\":\"https:\\\/\\\/macote.fr\\\/wp-content\\\/uploads\\\/2026\\\/08\\\/grille-inferieure-protection-pare-chocs-m2-g87.png\",\"contentUrl\":\"https:\\\/\\\/macote.fr\\\/wp-content\\\/uploads\\\/2026\\\/08\\\/grille-inferieure-protection-pare-chocs-m2-g87.png\",\"width\":1419,\"height\":1108,\"caption\":\"grille-inferieure-protection-pare-chocs-m2-g87\"},{\"@type\":\"BreadcrumbList\",\"@id\":\"https:\\\/\\\/macote.fr\\\/grille-de-protection-de-calandre-inferieure-bmw-g87-m2-noir-brillant\\\/#breadcrumb\",\"itemListElement\":[{\"@type\":\"ListItem\",\"position\":1,\"name\":\"Accueil\",\"item\":\"https:\\\/\\\/macote.fr\\\/\"},{\"@type\":\"ListItem\",\"position\":2,\"name\":\"Grille de Protection de Calandre Inf\u00e9rieure BMW G87 M2 \u2013 Noir Brillant\"}]},{\"@type\":\"WebSite\",\"@id\":\"https:\\\/\\\/macote.fr\\\/#website\",\"url\":\"https:\\\/\\\/macote.fr\\\/\",\"name\":\"MaCote.fr\",\"description\":\"BMW best accessories\",\"publisher\":{\"@id\":\"https:\\\/\\\/macote.fr\\\/#organization\"},\"alternateName\":\"BMW tuning\",\"potentialAction\":[{\"@type\":\"SearchAction\",\"target\":{\"@type\":\"EntryPoint\",\"urlTemplate\":\"https:\\\/\\\/macote.fr\\\/?s={search_term_string}\"},\"query-input\":{\"@type\":\"PropertyValueSpecification\",\"valueRequired\":true,\"valueName\":\"search_term_string\"}}],\"inLanguage\":\"es\"},{\"@type\":\"Organization\",\"@id\":\"https:\\\/\\\/macote.fr\\\/#organization\",\"name\":\"Macote.fr\",\"alternateName\":\"BMW tuning\",\"url\":\"https:\\\/\\\/macote.fr\\\/\",\"logo\":{\"@type\":\"ImageObject\",\"inLanguage\":\"es\",\"@id\":\"https:\\\/\\\/macote.fr\\\/#\\\/schema\\\/logo\\\/image\\\/\",\"url\":\"https:\\\/\\\/macote.fr\\\/wp-content\\\/uploads\\\/2023\\\/11\\\/LOGO-macote.fr-dessin-bmw-noir-copy.jpg\",\"contentUrl\":\"https:\\\/\\\/macote.fr\\\/wp-content\\\/uploads\\\/2023\\\/11\\\/LOGO-macote.fr-dessin-bmw-noir-copy.jpg\",\"width\":732,\"height\":456,\"caption\":\"Macote.fr\"},\"image\":{\"@id\":\"https:\\\/\\\/macote.fr\\\/#\\\/schema\\\/logo\\\/image\\\/\"},\"sameAs\":[\"https:\\\/\\\/www.facebook.com\\\/profile.php?id=100091476586119\",\"https:\\\/\\\/www.youtube.com\\\/channel\\\/UCgO-YTbaxYO-w_C5GfL-_1w\",\"https:\\\/\\\/www.tiktok.com\\\/@macote.fr?is_from_webapp=1&sender_device=pc\",\"https:\\\/\\\/www.instagram.com\\\/i_xila_i\\\/\"]},{\"@type\":\"Person\",\"@id\":\"https:\\\/\\\/macote.fr\\\/#\\\/schema\\\/person\\\/4050f5e7d1741aa3e67710fa41dede67\",\"name\":\"Theo Dizos\",\"image\":{\"@type\":\"ImageObject\",\"inLanguage\":\"es\",\"@id\":\"https:\\\/\\\/macote.fr\\\/wp-content\\\/litespeed\\\/avatar\\\/5223d236bdc2461314473c0d1e8b9203.jpg?ver=1788289602\",\"url\":\"https:\\\/\\\/macote.fr\\\/wp-content\\\/litespeed\\\/avatar\\\/5223d236bdc2461314473c0d1e8b9203.jpg?ver=1788289602\",\"contentUrl\":\"https:\\\/\\\/macote.fr\\\/wp-content\\\/litespeed\\\/avatar\\\/5223d236bdc2461314473c0d1e8b9203.jpg?ver=1788289602\",\"caption\":\"Theo Dizos\"},\"honorificPrefix\":\"M.\",\"gender\":\"homme\",\"worksFor\":\"Macote\",\"url\":\"https:\\\/\\\/macote.fr\\\/es\\\/author\\\/theo-dizos\\\/\"}]}<\/script>\n<!-- \/ Yoast SEO Premium plugin. -->","yoast_head_json":{"title":"Rejilla protectora inferior del radiador BMW G87 M2 \u2013 Negro brillante - MaCote.fr","robots":{"index":"index","follow":"follow","max-snippet":"max-snippet:-1","max-image-preview":"max-image-preview:large","max-video-preview":"max-video-preview:-1"},"canonical":"https:\/\/macote.fr\/es\/rejilla-protectora-inferior-de-la-parrilla-del-bmw-g87-m2-en-negro-brillante\/","og_locale":"es_ES","og_type":"article","og_title":"Grille de Protection de Calandre Inf\u00e9rieure BMW G87 M2 \u2013 Noir Brillant","og_description":"Temps de lecture : 5 min Prot\u00e9gez efficacement la calandre inf\u00e9rieure de votre BMW G87 M2 Sur une BMW G87 M2, la partie inf\u00e9rieure du pare-chocs avant est directement expos\u00e9e aux projections de la route. Gravillons, petits d\u00e9bris, morceaux de plastique, insectes ou autres \u00e9l\u00e9ments pr\u00e9sents sur la chauss\u00e9e peuvent facilement passer \u00e0 travers les [&hellip;]","og_url":"https:\/\/macote.fr\/es\/rejilla-protectora-inferior-de-la-parrilla-del-bmw-g87-m2-en-negro-brillante\/","og_site_name":"MaCote.fr","article_publisher":"https:\/\/www.facebook.com\/profile.php?id=100091476586119","article_published_time":"2026-08-31T14:09:22+00:00","article_modified_time":"2026-08-31T14:44:05+00:00","og_image":[{"width":1024,"height":800,"url":"https:\/\/macote.fr\/wp-content\/uploads\/2026\/08\/grille-inferieure-protection-pare-chocs-m2-g87-1024x800.png","type":"image\/png"}],"author":"Theo Dizos","twitter_card":"summary_large_image","twitter_misc":{"Escrito por":"Theo Dizos","Tiempo de lectura":"7 minutos"},"schema":{"@context":"https:\/\/schema.org","@graph":[{"@type":"Article","@id":"https:\/\/macote.fr\/grille-de-protection-de-calandre-inferieure-bmw-g87-m2-noir-brillant\/#article","isPartOf":{"@id":"https:\/\/macote.fr\/grille-de-protection-de-calandre-inferieure-bmw-g87-m2-noir-brillant\/"},"author":{"name":"Theo Dizos","@id":"https:\/\/macote.fr\/#\/schema\/person\/4050f5e7d1741aa3e67710fa41dede67"},"headline":"Grille de Protection de Calandre Inf\u00e9rieure BMW G87 M2 \u2013 Noir Brillant","datePublished":"2026-08-31T14:09:22+00:00","dateModified":"2026-08-31T14:44:05+00:00","mainEntityOfPage":{"@id":"https:\/\/macote.fr\/grille-de-protection-de-calandre-inferieure-bmw-g87-m2-noir-brillant\/"},"wordCount":1310,"commentCount":0,"publisher":{"@id":"https:\/\/macote.fr\/#organization"},"image":{"@id":"https:\/\/macote.fr\/grille-de-protection-de-calandre-inferieure-bmw-g87-m2-noir-brillant\/#primaryimage"},"thumbnailUrl":"https:\/\/macote.fr\/wp-content\/uploads\/2026\/08\/grille-inferieure-protection-pare-chocs-m2-g87.png","articleSection":["OEM +"],"inLanguage":"es","potentialAction":[{"@type":"CommentAction","name":"Comment","target":["https:\/\/macote.fr\/grille-de-protection-de-calandre-inferieure-bmw-g87-m2-noir-brillant\/#respond"]}]},{"@type":"WebPage","@id":"https:\/\/macote.fr\/grille-de-protection-de-calandre-inferieure-bmw-g87-m2-noir-brillant\/","url":"https:\/\/macote.fr\/grille-de-protection-de-calandre-inferieure-bmw-g87-m2-noir-brillant\/","name":"Rejilla protectora inferior del radiador BMW G87 M2 \u2013 Negro brillante - MaCote.fr","isPartOf":{"@id":"https:\/\/macote.fr\/#website"},"primaryImageOfPage":{"@id":"https:\/\/macote.fr\/grille-de-protection-de-calandre-inferieure-bmw-g87-m2-noir-brillant\/#primaryimage"},"image":{"@id":"https:\/\/macote.fr\/grille-de-protection-de-calandre-inferieure-bmw-g87-m2-noir-brillant\/#primaryimage"},"thumbnailUrl":"https:\/\/macote.fr\/wp-content\/uploads\/2026\/08\/grille-inferieure-protection-pare-chocs-m2-g87.png","datePublished":"2026-08-31T14:09:22+00:00","dateModified":"2026-08-31T14:44:05+00:00","breadcrumb":{"@id":"https:\/\/macote.fr\/grille-de-protection-de-calandre-inferieure-bmw-g87-m2-noir-brillant\/#breadcrumb"},"inLanguage":"es","potentialAction":[{"@type":"ReadAction","target":["https:\/\/macote.fr\/grille-de-protection-de-calandre-inferieure-bmw-g87-m2-noir-brillant\/"]}]},{"@type":"ImageObject","inLanguage":"es","@id":"https:\/\/macote.fr\/grille-de-protection-de-calandre-inferieure-bmw-g87-m2-noir-brillant\/#primaryimage","url":"https:\/\/macote.fr\/wp-content\/uploads\/2026\/08\/grille-inferieure-protection-pare-chocs-m2-g87.png","contentUrl":"https:\/\/macote.fr\/wp-content\/uploads\/2026\/08\/grille-inferieure-protection-pare-chocs-m2-g87.png","width":1419,"height":1108,"caption":"grille-inferieure-protection-pare-chocs-m2-g87"},{"@type":"BreadcrumbList","@id":"https:\/\/macote.fr\/grille-de-protection-de-calandre-inferieure-bmw-g87-m2-noir-brillant\/#breadcrumb","itemListElement":[{"@type":"ListItem","position":1,"name":"Accueil","item":"https:\/\/macote.fr\/"},{"@type":"ListItem","position":2,"name":"Grille de Protection de Calandre Inf\u00e9rieure BMW G87 M2 \u2013 Noir Brillant"}]},{"@type":"WebSite","@id":"https:\/\/macote.fr\/#website","url":"https:\/\/macote.fr\/","name":"MyQuote.com","description":"Los mejores accesorios BMW","publisher":{"@id":"https:\/\/macote.fr\/#organization"},"alternateName":"BMW tuning","potentialAction":[{"@type":"SearchAction","target":{"@type":"EntryPoint","urlTemplate":"https:\/\/macote.fr\/?s={search_term_string}"},"query-input":{"@type":"PropertyValueSpecification","valueRequired":true,"valueName":"search_term_string"}}],"inLanguage":"es"},{"@type":"Organization","@id":"https:\/\/macote.fr\/#organization","name":"Macote.es","alternateName":"BMW tuning","url":"https:\/\/macote.fr\/","logo":{"@type":"ImageObject","inLanguage":"es","@id":"https:\/\/macote.fr\/#\/schema\/logo\/image\/","url":"https:\/\/macote.fr\/wp-content\/uploads\/2023\/11\/LOGO-macote.fr-dessin-bmw-noir-copy.jpg","contentUrl":"https:\/\/macote.fr\/wp-content\/uploads\/2023\/11\/LOGO-macote.fr-dessin-bmw-noir-copy.jpg","width":732,"height":456,"caption":"Macote.fr"},"image":{"@id":"https:\/\/macote.fr\/#\/schema\/logo\/image\/"},"sameAs":["https:\/\/www.facebook.com\/profile.php?id=100091476586119","https:\/\/www.youtube.com\/channel\/UCgO-YTbaxYO-w_C5GfL-_1w","https:\/\/www.tiktok.com\/@macote.fr?is_from_webapp=1&sender_device=pc","https:\/\/www.instagram.com\/i_xila_i\/"]},{"@type":"Person","@id":"https:\/\/macote.fr\/#\/schema\/person\/4050f5e7d1741aa3e67710fa41dede67","name":"Theo Dizos","image":{"@type":"ImageObject","inLanguage":"es","@id":"https:\/\/macote.fr\/wp-content\/litespeed\/avatar\/5223d236bdc2461314473c0d1e8b9203.jpg?ver=1788289602","url":"https:\/\/macote.fr\/wp-content\/litespeed\/avatar\/5223d236bdc2461314473c0d1e8b9203.jpg?ver=1788289602","contentUrl":"https:\/\/macote.fr\/wp-content\/litespeed\/avatar\/5223d236bdc2461314473c0d1e8b9203.jpg?ver=1788289602","caption":"Theo Dizos"},"honorificPrefix":"M.","gender":"homme","worksFor":"Macote","url":"https:\/\/macote.fr\/es\/author\/theo-dizos\/"}]}},"_links":{"self":[{"href":"https:\/\/macote.fr\/es\/wp-json\/wp\/v2\/posts\/8168","targetHints":{"allow":["GET"]}}],"collection":[{"href":"https:\/\/macote.fr\/es\/wp-json\/wp\/v2\/posts"}],"about":[{"href":"https:\/\/macote.fr\/es\/wp-json\/wp\/v2\/types\/post"}],"author":[{"embeddable":true,"href":"https:\/\/macote.fr\/es\/wp-json\/wp\/v2\/users\/630"}],"replies":[{"embeddable":true,"href":"https:\/\/macote.fr\/es\/wp-json\/wp\/v2\/comments?post=8168"}],"version-history":[{"count":4,"href":"https:\/\/macote.fr\/es\/wp-json\/wp\/v2\/posts\/8168\/revisions"}],"predecessor-version":[{"id":8242,"href":"https:\/\/macote.fr\/es\/wp-json\/wp\/v2\/posts\/8168\/revisions\/8242"}],"wp:featuredmedia":[{"embeddable":true,"href":"https:\/\/macote.fr\/es\/wp-json\/wp\/v2\/media\/8233"}],"wp:attachment":[{"href":"https:\/\/macote.fr\/es\/wp-json\/wp\/v2\/media?parent=8168"}],"wp:term":[{"taxonomy":"category","embeddable":true,"href":"https:\/\/macote.fr\/es\/wp-json\/wp\/v2\/categories?post=8168"},{"taxonomy":"post_tag","embeddable":true,"href":"https:\/\/macote.fr\/es\/wp-json\/wp\/v2\/tags?post=8168"}],"curies":[{"name":"wp","href":"https:\/\/api.w.org\/{rel}","templated":true}]}}