{"id":137,"count":3,"description":"<h1 style=\"text-align: center\">BMW Serie 8<\/h1>\r\nLa Serie 8 de BMW, s\u00edmbolo de exclusividad y refinamiento, encarna la esencia del lujo automovil\u00edstico. Esta prestigiosa l\u00ednea se distingue por sus caracter\u00edsticas t\u00e9cnicas de vanguardia, su dise\u00f1o vanguardista y la integraci\u00f3n inteligente de tecnolog\u00edas avanzadas.\r\n<h2 style=\"text-align: center\">Poder elegante:<\/h2>\r\nLa Serie 8 impresiona con sus excepcionales motores. Desde los V8 biturbo hasta los sistemas h\u00edbridos de alto rendimiento, cada generaci\u00f3n ofrece una experiencia de conducci\u00f3n \u00fanica. Nuestros escapes downpipe a medida mejoran a\u00fan m\u00e1s el rendimiento, ofreciendo un sonido fascinante al tiempo que maximizan la potencia.\r\n<h2 style=\"text-align: center\">Elegancia aerodin\u00e1mica :<\/h2>\r\nEl dise\u00f1o de la Serie 8 est\u00e1 adornado con un exclusivo kit de carrocer\u00eda de carbono. Cada l\u00ednea, cada curva es una declaraci\u00f3n de elegancia y deportividad. Los alerones de carbono y los retrovisores a\u00f1aden el toque final, fusionando est\u00e9tica y funcionalidad.\r\n<h2 style=\"text-align: center\">Luz radiante:<\/h2>\r\nIlumine la carretera con nuestros faros amarillos y LED Angel Eyes. Una combinaci\u00f3n de estilo y seguridad que ofrece una visibilidad \u00f3ptima en todas las condiciones. La iluminaci\u00f3n adaptativa se ajusta de forma inteligente para ofrecer una experiencia de conducci\u00f3n nocturna excepcional.\r\n<h2 style=\"text-align: center\">Personalizaci\u00f3n del rendimiento :<\/h2>\r\nEquipe su Serie 8 con piezas de carbono de alta gama, desde filtros de aire hasta llantas exclusivas. Cada detalle est\u00e1 dise\u00f1ado para mejorar la experiencia de conducci\u00f3n y subrayar la individualidad de tu veh\u00edculo.\r\n<h2 style=\"text-align: center\">Discreci\u00f3n \u00edntima :<\/h2>\r\nNuestras l\u00e1minas tintadas para cristales combinan discreci\u00f3n y elegancia. Preserva tu privacidad a la vez que a\u00f1ades un toque de misterio al aspecto general de tu BMW.\r\n<h2 style=\"text-align: center\">Productos de excelencia :<\/h2>\r\nExplore nuestra gama de productos de alta gama. Desde retrovisores de carbono hasta escapes a medida, cada art\u00edculo est\u00e1 dise\u00f1ado para satisfacer las expectativas de los entusiastas de la conducci\u00f3n sofisticada.\r\n\r\nSum\u00e9rjase en el refinado mundo de la Serie 8, donde las prestaciones se unen a la elegancia. Lleve su conducci\u00f3n al siguiente nivel con nuestros accesorios exclusivos.","link":"https:\/\/macote.fr\/es\/categoria-de-productos\/bmw-serie-8\/","name":"BMW Serie 8","slug":"bmw-serie-8","taxonomy":"product_cat","parent":0,"meta":[],"menu_order":0,"yoast_head":"<!-- This site is optimized with the Yoast SEO Premium plugin v20.7 (Yoast SEO v27.5) - https:\/\/yoast.com\/product\/yoast-seo-premium-wordpress\/ -->\n<title>BMW s\u00e9rie 8 - MaCote.fr<\/title>\n<meta name=\"description\" content=\"Sublimez votre BMW S\u00e9rie 8 avec nos accessoires de pointe. Performance, design et technologie se marient pour une exp\u00e9rience de conduite d&#039;exception.\" \/>\n<meta name=\"robots\" content=\"index, follow, max-snippet:-1, max-image-preview:large, max-video-preview:-1\" \/>\n<link rel=\"canonical\" href=\"https:\/\/macote.fr\/es\/categoria-de-productos\/bmw-serie-8\/\" \/>\n<meta property=\"og:locale\" content=\"es_ES\" \/>\n<meta property=\"og:type\" content=\"article\" \/>\n<meta property=\"og:title\" content=\"BMW s\u00e9rie 8\" \/>\n<meta property=\"og:description\" content=\"Sublimez votre BMW S\u00e9rie 8 avec nos accessoires de pointe. Performance, design et technologie se marient pour une exp\u00e9rience de conduite d&#039;exception.\" \/>\n<meta property=\"og:url\" content=\"https:\/\/macote.fr\/es\/categoria-de-productos\/bmw-serie-8\/\" \/>\n<meta property=\"og:site_name\" content=\"MaCote.fr\" \/>\n<meta property=\"og:image\" content=\"https:\/\/macote.fr\/wp-content\/uploads\/2022\/11\/bmw-black-tuning-e1667980523590.jpg\" \/>\n\t<meta property=\"og:image:width\" content=\"1238\" \/>\n\t<meta property=\"og:image:height\" content=\"1080\" \/>\n\t<meta property=\"og:image:type\" content=\"image\/jpeg\" \/>\n<meta name=\"twitter:card\" content=\"summary_large_image\" \/>\n<script type=\"application\/ld+json\" class=\"yoast-schema-graph\">{\"@context\":\"https:\\\/\\\/schema.org\",\"@graph\":[{\"@type\":\"CollectionPage\",\"@id\":\"https:\\\/\\\/macote.fr\\\/categorie-produit\\\/bmw-serie-8\\\/\",\"url\":\"https:\\\/\\\/macote.fr\\\/categorie-produit\\\/bmw-serie-8\\\/\",\"name\":\"BMW s\u00e9rie 8 - MaCote.fr\",\"isPartOf\":{\"@id\":\"https:\\\/\\\/macote.fr\\\/#website\"},\"description\":\"Sublimez votre BMW S\u00e9rie 8 avec nos accessoires de pointe. Performance, design et technologie se marient pour une exp\u00e9rience de conduite d'exception.\",\"breadcrumb\":{\"@id\":\"https:\\\/\\\/macote.fr\\\/categorie-produit\\\/bmw-serie-8\\\/#breadcrumb\"},\"inLanguage\":\"es\"},{\"@type\":\"BreadcrumbList\",\"@id\":\"https:\\\/\\\/macote.fr\\\/categorie-produit\\\/bmw-serie-8\\\/#breadcrumb\",\"itemListElement\":[{\"@type\":\"ListItem\",\"position\":1,\"name\":\"Accueil\",\"item\":\"https:\\\/\\\/macote.fr\\\/\"},{\"@type\":\"ListItem\",\"position\":2,\"name\":\"BMW s\u00e9rie 8\"}]},{\"@type\":\"WebSite\",\"@id\":\"https:\\\/\\\/macote.fr\\\/#website\",\"url\":\"https:\\\/\\\/macote.fr\\\/\",\"name\":\"MaCote.fr\",\"description\":\"BMW best accessories\",\"publisher\":{\"@id\":\"https:\\\/\\\/macote.fr\\\/#organization\"},\"alternateName\":\"BMW tuning\",\"potentialAction\":[{\"@type\":\"SearchAction\",\"target\":{\"@type\":\"EntryPoint\",\"urlTemplate\":\"https:\\\/\\\/macote.fr\\\/?s={search_term_string}\"},\"query-input\":{\"@type\":\"PropertyValueSpecification\",\"valueRequired\":true,\"valueName\":\"search_term_string\"}}],\"inLanguage\":\"es\"},{\"@type\":\"Organization\",\"@id\":\"https:\\\/\\\/macote.fr\\\/#organization\",\"name\":\"Macote.fr\",\"alternateName\":\"BMW tuning\",\"url\":\"https:\\\/\\\/macote.fr\\\/\",\"logo\":{\"@type\":\"ImageObject\",\"inLanguage\":\"es\",\"@id\":\"https:\\\/\\\/macote.fr\\\/#\\\/schema\\\/logo\\\/image\\\/\",\"url\":\"https:\\\/\\\/macote.fr\\\/wp-content\\\/uploads\\\/2023\\\/11\\\/LOGO-macote.fr-dessin-bmw-noir-copy.jpg\",\"contentUrl\":\"https:\\\/\\\/macote.fr\\\/wp-content\\\/uploads\\\/2023\\\/11\\\/LOGO-macote.fr-dessin-bmw-noir-copy.jpg\",\"width\":732,\"height\":456,\"caption\":\"Macote.fr\"},\"image\":{\"@id\":\"https:\\\/\\\/macote.fr\\\/#\\\/schema\\\/logo\\\/image\\\/\"},\"sameAs\":[\"https:\\\/\\\/www.facebook.com\\\/profile.php?id=100091476586119\",\"https:\\\/\\\/www.youtube.com\\\/channel\\\/UCgO-YTbaxYO-w_C5GfL-_1w\",\"https:\\\/\\\/www.tiktok.com\\\/@macote.fr?is_from_webapp=1&sender_device=pc\",\"https:\\\/\\\/www.instagram.com\\\/i_xila_i\\\/\"]}]}<\/script>\n<!-- \/ Yoast SEO Premium plugin. -->","yoast_head_json":{"title":"BMW Serie 8 - MaCote.fr","description":"Mejore su BMW Serie 8 con nuestros accesorios de \u00faltima generaci\u00f3n. Prestaciones, dise\u00f1o y tecnolog\u00eda se unen para ofrecer una experiencia de conducci\u00f3n excepcional.","robots":{"index":"index","follow":"follow","max-snippet":"max-snippet:-1","max-image-preview":"max-image-preview:large","max-video-preview":"max-video-preview:-1"},"canonical":"https:\/\/macote.fr\/es\/categoria-de-productos\/bmw-serie-8\/","og_locale":"es_ES","og_type":"article","og_title":"BMW s\u00e9rie 8","og_description":"Sublimez votre BMW S\u00e9rie 8 avec nos accessoires de pointe. Performance, design et technologie se marient pour une exp\u00e9rience de conduite d'exception.","og_url":"https:\/\/macote.fr\/es\/categoria-de-productos\/bmw-serie-8\/","og_site_name":"MaCote.fr","og_image":[{"width":1238,"height":1080,"url":"https:\/\/macote.fr\/wp-content\/uploads\/2022\/11\/bmw-black-tuning-e1667980523590.jpg","type":"image\/jpeg"}],"twitter_card":"summary_large_image","schema":{"@context":"https:\/\/schema.org","@graph":[{"@type":"CollectionPage","@id":"https:\/\/macote.fr\/categorie-produit\/bmw-serie-8\/","url":"https:\/\/macote.fr\/categorie-produit\/bmw-serie-8\/","name":"BMW Serie 8 - MaCote.fr","isPartOf":{"@id":"https:\/\/macote.fr\/#website"},"description":"Mejore su BMW Serie 8 con nuestros accesorios de \u00faltima generaci\u00f3n. Prestaciones, dise\u00f1o y tecnolog\u00eda se unen para ofrecer una experiencia de conducci\u00f3n excepcional.","breadcrumb":{"@id":"https:\/\/macote.fr\/categorie-produit\/bmw-serie-8\/#breadcrumb"},"inLanguage":"es"},{"@type":"BreadcrumbList","@id":"https:\/\/macote.fr\/categorie-produit\/bmw-serie-8\/#breadcrumb","itemListElement":[{"@type":"ListItem","position":1,"name":"Accueil","item":"https:\/\/macote.fr\/"},{"@type":"ListItem","position":2,"name":"BMW s\u00e9rie 8"}]},{"@type":"WebSite","@id":"https:\/\/macote.fr\/#website","url":"https:\/\/macote.fr\/","name":"MyQuote.com","description":"Los mejores accesorios BMW","publisher":{"@id":"https:\/\/macote.fr\/#organization"},"alternateName":"BMW tuning","potentialAction":[{"@type":"SearchAction","target":{"@type":"EntryPoint","urlTemplate":"https:\/\/macote.fr\/?s={search_term_string}"},"query-input":{"@type":"PropertyValueSpecification","valueRequired":true,"valueName":"search_term_string"}}],"inLanguage":"es"},{"@type":"Organization","@id":"https:\/\/macote.fr\/#organization","name":"Macote.es","alternateName":"BMW tuning","url":"https:\/\/macote.fr\/","logo":{"@type":"ImageObject","inLanguage":"es","@id":"https:\/\/macote.fr\/#\/schema\/logo\/image\/","url":"https:\/\/macote.fr\/wp-content\/uploads\/2023\/11\/LOGO-macote.fr-dessin-bmw-noir-copy.jpg","contentUrl":"https:\/\/macote.fr\/wp-content\/uploads\/2023\/11\/LOGO-macote.fr-dessin-bmw-noir-copy.jpg","width":732,"height":456,"caption":"Macote.fr"},"image":{"@id":"https:\/\/macote.fr\/#\/schema\/logo\/image\/"},"sameAs":["https:\/\/www.facebook.com\/profile.php?id=100091476586119","https:\/\/www.youtube.com\/channel\/UCgO-YTbaxYO-w_C5GfL-_1w","https:\/\/www.tiktok.com\/@macote.fr?is_from_webapp=1&sender_device=pc","https:\/\/www.instagram.com\/i_xila_i\/"]}]}},"_links":{"self":[{"href":"https:\/\/macote.fr\/es\/wp-json\/wp\/v2\/product_cat\/137","targetHints":{"allow":["GET"]}}],"collection":[{"href":"https:\/\/macote.fr\/es\/wp-json\/wp\/v2\/product_cat"}],"about":[{"href":"https:\/\/macote.fr\/es\/wp-json\/wp\/v2\/taxonomies\/product_cat"}],"wp:post_type":[{"href":"https:\/\/macote.fr\/es\/wp-json\/wp\/v2\/product?product_cat=137"}],"curies":[{"name":"wp","href":"https:\/\/api.w.org\/{rel}","templated":true}]}}