{"id":186,"count":4,"description":"<h1>BMW X3 E83 - Fusi\u00f3n de elegancia y prestaciones<\/h1>\r\nExplore nuestra exclusiva colecci\u00f3n de accesorios dise\u00f1ados espec\u00edficamente para el BMW X3 E83, un SUV que encarna la combinaci\u00f3n perfecta de elegancia y rendimiento excepcional. Cada accesorio ha sido cuidadosamente seleccionado para complementar el dise\u00f1o distintivo y la experiencia de conducci\u00f3n \u00fanica de tu X3 E83.\r\n<h2>Lo m\u00e1s destacado de la categor\u00eda :<\/h2>\r\n<h3>1. Dise\u00f1o distintivo :<\/h3>\r\nDescubra kits de carrocer\u00eda y accesorios visuales que subrayan la refinada silueta del BMW X3 E83, desde detalles en la parrilla hasta acabados exclusivos.\r\n<h3>2. Rendimiento personalizado :<\/h3>\r\nElija entre una amplia gama de opciones de tuning para optimizar el rendimiento de su X3 E83, desde actualizaciones del motor hasta sistemas de escape deportivos.\r\n<h3>3. Lujoso confort :<\/h3>\r\nPersonaliza el interior con asientos de cuero premium, molduras espec\u00edficas y equipamiento de alta gama para disfrutar de una experiencia de conducci\u00f3n de lujo en cada viaje.\r\n<h3>4. Tecnolog\u00eda avanzada :<\/h3>\r\nIntegra sofisticados sistemas multimedia, pantallas t\u00e1ctiles intuitivas y las \u00faltimas funciones de seguridad para disfrutar de una conducci\u00f3n segura y conectada.\r\n<h3>5. Accesorios pr\u00e1cticos :<\/h3>\r\nElija soluciones de almacenamiento inteligentes, ra\u00edles de techo funcionales y otros accesorios pr\u00e1cticos para maximizar la versatilidad de su BMW X3 E83.\r\n\r\nNuestra colecci\u00f3n dedicada al BMW X3 E83 ofrece una experiencia de personalizaci\u00f3n excepcional, donde la elegancia y el rendimiento se unen en armon\u00eda para crear un SUV incomparable.","link":"https:\/\/macote.fr\/es\/categoria-de-productos\/x3\/x3-e83\/","name":"X3 E83","slug":"x3-e83","taxonomy":"product_cat","parent":176,"meta":[],"menu_order":0,"yoast_head":"<!-- This site is optimized with the Yoast SEO Premium plugin v20.7 (Yoast SEO v27.4) - https:\/\/yoast.com\/product\/yoast-seo-premium-wordpress\/ -->\n<title>X3 E83 - MaCote.fr<\/title>\n<meta name=\"description\" content=\"Explorez notre s\u00e9lection exclusive d&#039;accessoires tuning pour BMW X3 E83. Donnez une touche unique \u00e0 votre v\u00e9hicule avec des produits de qualit\u00e9, am\u00e9liorant performances et esth\u00e9tique. Transformez votre X3 E83 d\u00e8s maintenant!\" \/>\n<meta name=\"robots\" content=\"index, follow, max-snippet:-1, max-image-preview:large, max-video-preview:-1\" \/>\n<link rel=\"canonical\" href=\"https:\/\/macote.fr\/es\/categoria-de-productos\/x3\/x3-e83\/\" \/>\n<meta property=\"og:locale\" content=\"es_ES\" \/>\n<meta property=\"og:type\" content=\"article\" \/>\n<meta property=\"og:title\" content=\"X3 E83\" \/>\n<meta property=\"og:description\" content=\"Explorez notre s\u00e9lection exclusive d&#039;accessoires tuning pour BMW X3 E83. Donnez une touche unique \u00e0 votre v\u00e9hicule avec des produits de qualit\u00e9, am\u00e9liorant performances et esth\u00e9tique. Transformez votre X3 E83 d\u00e8s maintenant!\" \/>\n<meta property=\"og:url\" content=\"https:\/\/macote.fr\/es\/categoria-de-productos\/x3\/x3-e83\/\" \/>\n<meta property=\"og:site_name\" content=\"MaCote.fr\" \/>\n<meta property=\"og:image\" content=\"https:\/\/macote.fr\/wp-content\/uploads\/2022\/11\/bmw-black-tuning-e1667980523590.jpg\" \/>\n\t<meta property=\"og:image:width\" content=\"1238\" \/>\n\t<meta property=\"og:image:height\" content=\"1080\" \/>\n\t<meta property=\"og:image:type\" content=\"image\/jpeg\" \/>\n<meta name=\"twitter:card\" content=\"summary_large_image\" \/>\n<script type=\"application\/ld+json\" class=\"yoast-schema-graph\">{\"@context\":\"https:\\\/\\\/schema.org\",\"@graph\":[{\"@type\":\"CollectionPage\",\"@id\":\"https:\\\/\\\/macote.fr\\\/categorie-produit\\\/x3\\\/x3-e83\\\/\",\"url\":\"https:\\\/\\\/macote.fr\\\/categorie-produit\\\/x3\\\/x3-e83\\\/\",\"name\":\"X3 E83 - MaCote.fr\",\"isPartOf\":{\"@id\":\"https:\\\/\\\/macote.fr\\\/#website\"},\"description\":\"Explorez notre s\u00e9lection exclusive d'accessoires tuning pour BMW X3 E83. Donnez une touche unique \u00e0 votre v\u00e9hicule avec des produits de qualit\u00e9, am\u00e9liorant performances et esth\u00e9tique. Transformez votre X3 E83 d\u00e8s maintenant!\",\"breadcrumb\":{\"@id\":\"https:\\\/\\\/macote.fr\\\/categorie-produit\\\/x3\\\/x3-e83\\\/#breadcrumb\"},\"inLanguage\":\"es\"},{\"@type\":\"BreadcrumbList\",\"@id\":\"https:\\\/\\\/macote.fr\\\/categorie-produit\\\/x3\\\/x3-e83\\\/#breadcrumb\",\"itemListElement\":[{\"@type\":\"ListItem\",\"position\":1,\"name\":\"Accueil\",\"item\":\"https:\\\/\\\/macote.fr\\\/\"},{\"@type\":\"ListItem\",\"position\":2,\"name\":\"X3\",\"item\":\"https:\\\/\\\/macote.fr\\\/categorie-produit\\\/x3\\\/\"},{\"@type\":\"ListItem\",\"position\":3,\"name\":\"X3 E83\"}]},{\"@type\":\"WebSite\",\"@id\":\"https:\\\/\\\/macote.fr\\\/#website\",\"url\":\"https:\\\/\\\/macote.fr\\\/\",\"name\":\"MaCote.fr\",\"description\":\"BMW best accessories\",\"publisher\":{\"@id\":\"https:\\\/\\\/macote.fr\\\/#organization\"},\"alternateName\":\"BMW tuning\",\"potentialAction\":[{\"@type\":\"SearchAction\",\"target\":{\"@type\":\"EntryPoint\",\"urlTemplate\":\"https:\\\/\\\/macote.fr\\\/?s={search_term_string}\"},\"query-input\":{\"@type\":\"PropertyValueSpecification\",\"valueRequired\":true,\"valueName\":\"search_term_string\"}}],\"inLanguage\":\"es\"},{\"@type\":\"Organization\",\"@id\":\"https:\\\/\\\/macote.fr\\\/#organization\",\"name\":\"Macote.fr\",\"alternateName\":\"BMW tuning\",\"url\":\"https:\\\/\\\/macote.fr\\\/\",\"logo\":{\"@type\":\"ImageObject\",\"inLanguage\":\"es\",\"@id\":\"https:\\\/\\\/macote.fr\\\/#\\\/schema\\\/logo\\\/image\\\/\",\"url\":\"https:\\\/\\\/macote.fr\\\/wp-content\\\/uploads\\\/2023\\\/11\\\/LOGO-macote.fr-dessin-bmw-noir-copy.jpg\",\"contentUrl\":\"https:\\\/\\\/macote.fr\\\/wp-content\\\/uploads\\\/2023\\\/11\\\/LOGO-macote.fr-dessin-bmw-noir-copy.jpg\",\"width\":732,\"height\":456,\"caption\":\"Macote.fr\"},\"image\":{\"@id\":\"https:\\\/\\\/macote.fr\\\/#\\\/schema\\\/logo\\\/image\\\/\"},\"sameAs\":[\"https:\\\/\\\/www.facebook.com\\\/profile.php?id=100091476586119\",\"https:\\\/\\\/www.youtube.com\\\/channel\\\/UCgO-YTbaxYO-w_C5GfL-_1w\",\"https:\\\/\\\/www.tiktok.com\\\/@macote.fr?is_from_webapp=1&sender_device=pc\",\"https:\\\/\\\/www.instagram.com\\\/i_xila_i\\\/\"]}]}<\/script>\n<!-- \/ Yoast SEO Premium plugin. -->","yoast_head_json":{"title":"X3 E83 - MaCote.fr","description":"Explore nuestra exclusiva selecci\u00f3n de accesorios tuning para BMW X3 E83. Dale a tu veh\u00edculo un toque \u00fanico con productos de calidad que mejoran el rendimiento y la est\u00e9tica. \u00a1Transforme su X3 E83 hoy mismo!","robots":{"index":"index","follow":"follow","max-snippet":"max-snippet:-1","max-image-preview":"max-image-preview:large","max-video-preview":"max-video-preview:-1"},"canonical":"https:\/\/macote.fr\/es\/categoria-de-productos\/x3\/x3-e83\/","og_locale":"es_ES","og_type":"article","og_title":"X3 E83","og_description":"Explorez notre s\u00e9lection exclusive d'accessoires tuning pour BMW X3 E83. Donnez une touche unique \u00e0 votre v\u00e9hicule avec des produits de qualit\u00e9, am\u00e9liorant performances et esth\u00e9tique. Transformez votre X3 E83 d\u00e8s maintenant!","og_url":"https:\/\/macote.fr\/es\/categoria-de-productos\/x3\/x3-e83\/","og_site_name":"MaCote.fr","og_image":[{"width":1238,"height":1080,"url":"https:\/\/macote.fr\/wp-content\/uploads\/2022\/11\/bmw-black-tuning-e1667980523590.jpg","type":"image\/jpeg"}],"twitter_card":"summary_large_image","schema":{"@context":"https:\/\/schema.org","@graph":[{"@type":"CollectionPage","@id":"https:\/\/macote.fr\/categorie-produit\/x3\/x3-e83\/","url":"https:\/\/macote.fr\/categorie-produit\/x3\/x3-e83\/","name":"X3 E83 - MaCote.fr","isPartOf":{"@id":"https:\/\/macote.fr\/#website"},"description":"Explore nuestra exclusiva selecci\u00f3n de accesorios tuning para BMW X3 E83. Dale a tu veh\u00edculo un toque \u00fanico con productos de calidad que mejoran el rendimiento y la est\u00e9tica. \u00a1Transforme su X3 E83 hoy mismo!","breadcrumb":{"@id":"https:\/\/macote.fr\/categorie-produit\/x3\/x3-e83\/#breadcrumb"},"inLanguage":"es"},{"@type":"BreadcrumbList","@id":"https:\/\/macote.fr\/categorie-produit\/x3\/x3-e83\/#breadcrumb","itemListElement":[{"@type":"ListItem","position":1,"name":"Accueil","item":"https:\/\/macote.fr\/"},{"@type":"ListItem","position":2,"name":"X3","item":"https:\/\/macote.fr\/categorie-produit\/x3\/"},{"@type":"ListItem","position":3,"name":"X3 E83"}]},{"@type":"WebSite","@id":"https:\/\/macote.fr\/#website","url":"https:\/\/macote.fr\/","name":"MyQuote.com","description":"Los mejores accesorios BMW","publisher":{"@id":"https:\/\/macote.fr\/#organization"},"alternateName":"BMW tuning","potentialAction":[{"@type":"SearchAction","target":{"@type":"EntryPoint","urlTemplate":"https:\/\/macote.fr\/?s={search_term_string}"},"query-input":{"@type":"PropertyValueSpecification","valueRequired":true,"valueName":"search_term_string"}}],"inLanguage":"es"},{"@type":"Organization","@id":"https:\/\/macote.fr\/#organization","name":"Macote.es","alternateName":"BMW tuning","url":"https:\/\/macote.fr\/","logo":{"@type":"ImageObject","inLanguage":"es","@id":"https:\/\/macote.fr\/#\/schema\/logo\/image\/","url":"https:\/\/macote.fr\/wp-content\/uploads\/2023\/11\/LOGO-macote.fr-dessin-bmw-noir-copy.jpg","contentUrl":"https:\/\/macote.fr\/wp-content\/uploads\/2023\/11\/LOGO-macote.fr-dessin-bmw-noir-copy.jpg","width":732,"height":456,"caption":"Macote.fr"},"image":{"@id":"https:\/\/macote.fr\/#\/schema\/logo\/image\/"},"sameAs":["https:\/\/www.facebook.com\/profile.php?id=100091476586119","https:\/\/www.youtube.com\/channel\/UCgO-YTbaxYO-w_C5GfL-_1w","https:\/\/www.tiktok.com\/@macote.fr?is_from_webapp=1&sender_device=pc","https:\/\/www.instagram.com\/i_xila_i\/"]}]}},"_links":{"self":[{"href":"https:\/\/macote.fr\/es\/wp-json\/wp\/v2\/product_cat\/186","targetHints":{"allow":["GET"]}}],"collection":[{"href":"https:\/\/macote.fr\/es\/wp-json\/wp\/v2\/product_cat"}],"about":[{"href":"https:\/\/macote.fr\/es\/wp-json\/wp\/v2\/taxonomies\/product_cat"}],"up":[{"embeddable":true,"href":"https:\/\/macote.fr\/es\/wp-json\/wp\/v2\/product_cat\/176"}],"wp:post_type":[{"href":"https:\/\/macote.fr\/es\/wp-json\/wp\/v2\/product?product_cat=186"}],"curies":[{"name":"wp","href":"https:\/\/api.w.org\/{rel}","templated":true}]}}