{"id":216,"count":1,"description":"Sum\u00e9rjase en la legendaria herencia del BMW M5 E28, el pionero de las berlinas deportivas. Con su potente motor y sus l\u00edneas ic\u00f3nicas, encarna la mezcla perfecta de elegancia y prestaciones. Explora nuestra selecci\u00f3n de accesorios premium, desde kits de carrocer\u00eda de fibra de carbono hasta faros LED, para personalizar tu M5 E28. Siente la adrenalina de conducir con estilo con nuestros productos premium. Transforme su BMW M5 E28 en una din\u00e1mica obra de arte, lista para conquistar la carretera. Experimente lo \u00faltimo en tuning BMW con nuestra exclusiva gama de accesorios.\r\n\r\n\u00bfLo sab\u00eda? El BMW M5 E28 fue la primera berlina en recibir el distintivo M, marcando el inicio de un linaje ic\u00f3nico. Su motor de 3,5 litros y seis cilindros en l\u00ednea estableci\u00f3 nuevos est\u00e1ndares de rendimiento, convirtiendo a este coche en una leyenda indiscutible. Transforme su M5 E28 en una obra de arte din\u00e1mica, lista para conquistar la carretera. Experimente lo \u00faltimo en tuning BMW con nuestra exclusiva gama de accesorios.","link":"https:\/\/macote.fr\/es\/categoria-de-productos\/m5\/m5-e28\/","name":"M5 E28","slug":"m5-e28","taxonomy":"product_cat","parent":203,"meta":[],"menu_order":0,"yoast_head":"<!-- This site is optimized with the Yoast SEO Premium plugin v20.7 (Yoast SEO v27.5) - https:\/\/yoast.com\/product\/yoast-seo-premium-wordpress\/ -->\n<title>M5 E28 - MaCote.fr<\/title>\n<meta name=\"description\" content=\"D\u00e9couvrez l&#039;excellence de la BMW M5 E28 avec nos accessoires exclusifs. Personnalisez votre ic\u00f4ne de performance avec style et \u00e9l\u00e9gance.\" \/>\n<meta name=\"robots\" content=\"index, follow, max-snippet:-1, max-image-preview:large, max-video-preview:-1\" \/>\n<link rel=\"canonical\" href=\"https:\/\/macote.fr\/es\/categoria-de-productos\/m5\/m5-e28\/\" \/>\n<meta property=\"og:locale\" content=\"es_ES\" \/>\n<meta property=\"og:type\" content=\"article\" \/>\n<meta property=\"og:title\" content=\"M5 E28\" \/>\n<meta property=\"og:description\" content=\"D\u00e9couvrez l&#039;excellence de la BMW M5 E28 avec nos accessoires exclusifs. Personnalisez votre ic\u00f4ne de performance avec style et \u00e9l\u00e9gance.\" \/>\n<meta property=\"og:url\" content=\"https:\/\/macote.fr\/es\/categoria-de-productos\/m5\/m5-e28\/\" \/>\n<meta property=\"og:site_name\" content=\"MaCote.fr\" \/>\n<meta property=\"og:image\" content=\"https:\/\/macote.fr\/wp-content\/uploads\/2022\/11\/bmw-black-tuning-e1667980523590.jpg\" \/>\n\t<meta property=\"og:image:width\" content=\"1238\" \/>\n\t<meta property=\"og:image:height\" content=\"1080\" \/>\n\t<meta property=\"og:image:type\" content=\"image\/jpeg\" \/>\n<meta name=\"twitter:card\" content=\"summary_large_image\" \/>\n<script type=\"application\/ld+json\" class=\"yoast-schema-graph\">{\"@context\":\"https:\\\/\\\/schema.org\",\"@graph\":[{\"@type\":\"CollectionPage\",\"@id\":\"https:\\\/\\\/macote.fr\\\/categorie-produit\\\/m5\\\/m5-e28\\\/\",\"url\":\"https:\\\/\\\/macote.fr\\\/categorie-produit\\\/m5\\\/m5-e28\\\/\",\"name\":\"M5 E28 - MaCote.fr\",\"isPartOf\":{\"@id\":\"https:\\\/\\\/macote.fr\\\/#website\"},\"description\":\"D\u00e9couvrez l'excellence de la BMW M5 E28 avec nos accessoires exclusifs. Personnalisez votre ic\u00f4ne de performance avec style et \u00e9l\u00e9gance.\",\"breadcrumb\":{\"@id\":\"https:\\\/\\\/macote.fr\\\/categorie-produit\\\/m5\\\/m5-e28\\\/#breadcrumb\"},\"inLanguage\":\"es\"},{\"@type\":\"BreadcrumbList\",\"@id\":\"https:\\\/\\\/macote.fr\\\/categorie-produit\\\/m5\\\/m5-e28\\\/#breadcrumb\",\"itemListElement\":[{\"@type\":\"ListItem\",\"position\":1,\"name\":\"Accueil\",\"item\":\"https:\\\/\\\/macote.fr\\\/\"},{\"@type\":\"ListItem\",\"position\":2,\"name\":\"M5\",\"item\":\"https:\\\/\\\/macote.fr\\\/categorie-produit\\\/m5\\\/\"},{\"@type\":\"ListItem\",\"position\":3,\"name\":\"M5 E28\"}]},{\"@type\":\"WebSite\",\"@id\":\"https:\\\/\\\/macote.fr\\\/#website\",\"url\":\"https:\\\/\\\/macote.fr\\\/\",\"name\":\"MaCote.fr\",\"description\":\"BMW best accessories\",\"publisher\":{\"@id\":\"https:\\\/\\\/macote.fr\\\/#organization\"},\"alternateName\":\"BMW tuning\",\"potentialAction\":[{\"@type\":\"SearchAction\",\"target\":{\"@type\":\"EntryPoint\",\"urlTemplate\":\"https:\\\/\\\/macote.fr\\\/?s={search_term_string}\"},\"query-input\":{\"@type\":\"PropertyValueSpecification\",\"valueRequired\":true,\"valueName\":\"search_term_string\"}}],\"inLanguage\":\"es\"},{\"@type\":\"Organization\",\"@id\":\"https:\\\/\\\/macote.fr\\\/#organization\",\"name\":\"Macote.fr\",\"alternateName\":\"BMW tuning\",\"url\":\"https:\\\/\\\/macote.fr\\\/\",\"logo\":{\"@type\":\"ImageObject\",\"inLanguage\":\"es\",\"@id\":\"https:\\\/\\\/macote.fr\\\/#\\\/schema\\\/logo\\\/image\\\/\",\"url\":\"https:\\\/\\\/macote.fr\\\/wp-content\\\/uploads\\\/2023\\\/11\\\/LOGO-macote.fr-dessin-bmw-noir-copy.jpg\",\"contentUrl\":\"https:\\\/\\\/macote.fr\\\/wp-content\\\/uploads\\\/2023\\\/11\\\/LOGO-macote.fr-dessin-bmw-noir-copy.jpg\",\"width\":732,\"height\":456,\"caption\":\"Macote.fr\"},\"image\":{\"@id\":\"https:\\\/\\\/macote.fr\\\/#\\\/schema\\\/logo\\\/image\\\/\"},\"sameAs\":[\"https:\\\/\\\/www.facebook.com\\\/profile.php?id=100091476586119\",\"https:\\\/\\\/www.youtube.com\\\/channel\\\/UCgO-YTbaxYO-w_C5GfL-_1w\",\"https:\\\/\\\/www.tiktok.com\\\/@macote.fr?is_from_webapp=1&sender_device=pc\",\"https:\\\/\\\/www.instagram.com\\\/i_xila_i\\\/\"]}]}<\/script>\n<!-- \/ Yoast SEO Premium plugin. -->","yoast_head_json":{"title":"M5 E28 - MaCote.fr","description":"Descubra la excelencia del BMW M5 E28 con nuestros accesorios exclusivos. Personaliza tu icono de rendimiento con estilo y elegancia.","robots":{"index":"index","follow":"follow","max-snippet":"max-snippet:-1","max-image-preview":"max-image-preview:large","max-video-preview":"max-video-preview:-1"},"canonical":"https:\/\/macote.fr\/es\/categoria-de-productos\/m5\/m5-e28\/","og_locale":"es_ES","og_type":"article","og_title":"M5 E28","og_description":"D\u00e9couvrez l'excellence de la BMW M5 E28 avec nos accessoires exclusifs. Personnalisez votre ic\u00f4ne de performance avec style et \u00e9l\u00e9gance.","og_url":"https:\/\/macote.fr\/es\/categoria-de-productos\/m5\/m5-e28\/","og_site_name":"MaCote.fr","og_image":[{"width":1238,"height":1080,"url":"https:\/\/macote.fr\/wp-content\/uploads\/2022\/11\/bmw-black-tuning-e1667980523590.jpg","type":"image\/jpeg"}],"twitter_card":"summary_large_image","schema":{"@context":"https:\/\/schema.org","@graph":[{"@type":"CollectionPage","@id":"https:\/\/macote.fr\/categorie-produit\/m5\/m5-e28\/","url":"https:\/\/macote.fr\/categorie-produit\/m5\/m5-e28\/","name":"M5 E28 - MaCote.fr","isPartOf":{"@id":"https:\/\/macote.fr\/#website"},"description":"Descubra la excelencia del BMW M5 E28 con nuestros accesorios exclusivos. Personaliza tu icono de rendimiento con estilo y elegancia.","breadcrumb":{"@id":"https:\/\/macote.fr\/categorie-produit\/m5\/m5-e28\/#breadcrumb"},"inLanguage":"es"},{"@type":"BreadcrumbList","@id":"https:\/\/macote.fr\/categorie-produit\/m5\/m5-e28\/#breadcrumb","itemListElement":[{"@type":"ListItem","position":1,"name":"Accueil","item":"https:\/\/macote.fr\/"},{"@type":"ListItem","position":2,"name":"M5","item":"https:\/\/macote.fr\/categorie-produit\/m5\/"},{"@type":"ListItem","position":3,"name":"M5 E28"}]},{"@type":"WebSite","@id":"https:\/\/macote.fr\/#website","url":"https:\/\/macote.fr\/","name":"MyQuote.com","description":"Los mejores accesorios BMW","publisher":{"@id":"https:\/\/macote.fr\/#organization"},"alternateName":"BMW tuning","potentialAction":[{"@type":"SearchAction","target":{"@type":"EntryPoint","urlTemplate":"https:\/\/macote.fr\/?s={search_term_string}"},"query-input":{"@type":"PropertyValueSpecification","valueRequired":true,"valueName":"search_term_string"}}],"inLanguage":"es"},{"@type":"Organization","@id":"https:\/\/macote.fr\/#organization","name":"Macote.es","alternateName":"BMW tuning","url":"https:\/\/macote.fr\/","logo":{"@type":"ImageObject","inLanguage":"es","@id":"https:\/\/macote.fr\/#\/schema\/logo\/image\/","url":"https:\/\/macote.fr\/wp-content\/uploads\/2023\/11\/LOGO-macote.fr-dessin-bmw-noir-copy.jpg","contentUrl":"https:\/\/macote.fr\/wp-content\/uploads\/2023\/11\/LOGO-macote.fr-dessin-bmw-noir-copy.jpg","width":732,"height":456,"caption":"Macote.fr"},"image":{"@id":"https:\/\/macote.fr\/#\/schema\/logo\/image\/"},"sameAs":["https:\/\/www.facebook.com\/profile.php?id=100091476586119","https:\/\/www.youtube.com\/channel\/UCgO-YTbaxYO-w_C5GfL-_1w","https:\/\/www.tiktok.com\/@macote.fr?is_from_webapp=1&sender_device=pc","https:\/\/www.instagram.com\/i_xila_i\/"]}]}},"_links":{"self":[{"href":"https:\/\/macote.fr\/es\/wp-json\/wp\/v2\/product_cat\/216","targetHints":{"allow":["GET"]}}],"collection":[{"href":"https:\/\/macote.fr\/es\/wp-json\/wp\/v2\/product_cat"}],"about":[{"href":"https:\/\/macote.fr\/es\/wp-json\/wp\/v2\/taxonomies\/product_cat"}],"up":[{"embeddable":true,"href":"https:\/\/macote.fr\/es\/wp-json\/wp\/v2\/product_cat\/203"}],"wp:post_type":[{"href":"https:\/\/macote.fr\/es\/wp-json\/wp\/v2\/product?product_cat=216"}],"curies":[{"name":"wp","href":"https:\/\/api.w.org\/{rel}","templated":true}]}}